{"id":71778,"date":"2024-01-23T12:57:31","date_gmt":"2024-01-23T15:57:31","guid":{"rendered":"https:\/\/www.todoeldia.com\/?p=71778"},"modified":"2024-01-23T13:00:33","modified_gmt":"2024-01-23T16:00:33","slug":"las-incongruencias-de-los-puesteros-del-parque-san-martin","status":"publish","type":"post","link":"https:\/\/www.todoeldia.com\/index.php\/2024\/01\/23\/las-incongruencias-de-los-puesteros-del-parque-san-martin\/","title":{"rendered":"Las incongruencias de los puesteros del Parque San Mart\u00edn"},"content":{"rendered":"\n<p>Los feriantes del parque San Mart\u00edn que ya deber\u00edan haber sido trasladados a otro lugar y dejar el espacio libre para embellecer al lugar, tambi\u00e9n se adhieren al paro de la CGT.<\/p>\n\n\n\n<p>Anunciaron que no trabajaran ma\u00f1ana. Lo que no se explica es que son los propietarios, no tienen empleados y pierden un d\u00eda en sus ventas por adherirse a un paro que hasta ahora resulta inexplicable.<\/p>\n\n\n\n<figure class=\"wp-block-image size-full\"><img loading=\"lazy\" decoding=\"async\" width=\"551\" height=\"800\" src=\"https:\/\/www.todoeldia.com\/wp-content\/uploads\/2024\/01\/cartel-puesteros-parque-san-martin-1.jpg\" alt=\"\" class=\"wp-image-71781\" srcset=\"https:\/\/www.todoeldia.com\/wp-content\/uploads\/2024\/01\/cartel-puesteros-parque-san-martin-1.jpg 551w, https:\/\/www.todoeldia.com\/wp-content\/uploads\/2024\/01\/cartel-puesteros-parque-san-martin-1-207x300.jpg 207w, https:\/\/www.todoeldia.com\/wp-content\/uploads\/2024\/01\/cartel-puesteros-parque-san-martin-1-300x436.jpg 300w, https:\/\/www.todoeldia.com\/wp-content\/uploads\/2024\/01\/cartel-puesteros-parque-san-martin-1-289x420.jpg 289w\" sizes=\"auto, (max-width: 551px) 100vw, 551px\" \/><\/figure>\n\n\n\n<p>Pero eso no es todo. Colocaron un cartel anunciando que se adhieren al paro \u201cporque est\u00e1n cansados de comer alitas de pollo y quieren comer puchero\u201d.<\/p>\n\n\n\n<p>No el asado que les prometi\u00f3 An\u00edbal Fern\u00e1ndez y Cristina Kirchner cuando dijeron que les llenar\u00edan las heladeras de carne.<\/p>\n\n\n\n<p>Porque al igual que la CGT estuvieron callados durante a\u00f1os sin realizar protestas de ninguna clase, solo cuando amenazaron sacarlos del lugar.<\/p>\n","protected":false},"excerpt":{"rendered":"<p>Los feriantes del parque San Mart\u00edn que ya deber\u00edan haber sido trasladados a otro lugar y dejar el espacio libre para embellecer al lugar, tambi\u00e9n se adhieren al paro de la CGT. Anunciaron que no trabajaran ma\u00f1ana. Lo que no se explica es que son los propietarios, no tienen empleados y pierden un d\u00eda en [&hellip;]<\/p>\n","protected":false},"author":2,"featured_media":71783,"comment_status":"open","ping_status":"open","sticky":false,"template":"","format":"standard","meta":{"tdm_status":"","tdm_grid_status":"","_joinchat":[],"footnotes":""},"categories":[59],"tags":[],"class_list":{"0":"post-71778","1":"post","2":"type-post","3":"status-publish","4":"format-standard","5":"has-post-thumbnail","7":"category-politica"},"amp_enabled":true,"_links":{"self":[{"href":"https:\/\/www.todoeldia.com\/index.php\/wp-json\/wp\/v2\/posts\/71778","targetHints":{"allow":["GET"]}}],"collection":[{"href":"https:\/\/www.todoeldia.com\/index.php\/wp-json\/wp\/v2\/posts"}],"about":[{"href":"https:\/\/www.todoeldia.com\/index.php\/wp-json\/wp\/v2\/types\/post"}],"author":[{"embeddable":true,"href":"https:\/\/www.todoeldia.com\/index.php\/wp-json\/wp\/v2\/users\/2"}],"replies":[{"embeddable":true,"href":"https:\/\/www.todoeldia.com\/index.php\/wp-json\/wp\/v2\/comments?post=71778"}],"version-history":[{"count":2,"href":"https:\/\/www.todoeldia.com\/index.php\/wp-json\/wp\/v2\/posts\/71778\/revisions"}],"predecessor-version":[{"id":71784,"href":"https:\/\/www.todoeldia.com\/index.php\/wp-json\/wp\/v2\/posts\/71778\/revisions\/71784"}],"wp:featuredmedia":[{"embeddable":true,"href":"https:\/\/www.todoeldia.com\/index.php\/wp-json\/wp\/v2\/media\/71783"}],"wp:attachment":[{"href":"https:\/\/www.todoeldia.com\/index.php\/wp-json\/wp\/v2\/media?parent=71778"}],"wp:term":[{"taxonomy":"category","embeddable":true,"href":"https:\/\/www.todoeldia.com\/index.php\/wp-json\/wp\/v2\/categories?post=71778"},{"taxonomy":"post_tag","embeddable":true,"href":"https:\/\/www.todoeldia.com\/index.php\/wp-json\/wp\/v2\/tags?post=71778"}],"curies":[{"name":"wp","href":"https:\/\/api.w.org\/{rel}","templated":true}]}}