{"id":71785,"date":"2024-01-23T13:22:48","date_gmt":"2024-01-23T16:22:48","guid":{"rendered":"https:\/\/www.todoeldia.com\/?p=71785"},"modified":"2024-01-23T13:22:48","modified_gmt":"2024-01-23T16:22:48","slug":"partio-de-salvador-mazza-a-buenos-aires-con-9-kilos-de-cocaina-y-2-de-marihuana","status":"publish","type":"post","link":"https:\/\/www.todoeldia.com\/index.php\/2024\/01\/23\/partio-de-salvador-mazza-a-buenos-aires-con-9-kilos-de-cocaina-y-2-de-marihuana\/","title":{"rendered":"Parti\u00f3 de Salvador Mazza a Buenos Aires con 9 kilos de coca\u00edna y 2 de marihuana"},"content":{"rendered":"\n<p>El acusado hab\u00eda salido de Salvador Mazza y se dirig\u00eda a Buenos Aires. En la localidad de Joaqu\u00edn V. Gonz\u00e1lez, una patrulla de Gendarmer\u00eda Nacional lo descubri\u00f3 y lo detuvo en una ruta. Adem\u00e1s de la coca\u00edna, trasladaba m\u00e1s de 2 kilos de marihuana.<\/p>\n\n\n\n<p>A instancias de la Unidad Fiscal Salta, representada por el fiscal general Eduardo Jos\u00e9 Villalba y la auxiliar fiscal Roxana Gual, la jueza federal de Garant\u00edas de feria Mariela Alejandra Gim\u00e9nez hizo lugar ayer a la imputaci\u00f3n requerida por los representantes del Ministerio P\u00fablico Fiscal en contra de un hombre por considerarlo autor del delito de transporte de estupefacientes.<\/p>\n\n\n\n<figure class=\"wp-block-image size-large\"><img loading=\"lazy\" decoding=\"async\" width=\"1024\" height=\"443\" src=\"https:\/\/www.todoeldia.com\/wp-content\/uploads\/2024\/01\/image-124-1024x443.png\" alt=\"\" class=\"wp-image-71787\" srcset=\"https:\/\/www.todoeldia.com\/wp-content\/uploads\/2024\/01\/image-124-1024x443.png 1024w, https:\/\/www.todoeldia.com\/wp-content\/uploads\/2024\/01\/image-124-300x130.png 300w, https:\/\/www.todoeldia.com\/wp-content\/uploads\/2024\/01\/image-124-768x332.png 768w, https:\/\/www.todoeldia.com\/wp-content\/uploads\/2024\/01\/image-124-1536x664.png 1536w, https:\/\/www.todoeldia.com\/wp-content\/uploads\/2024\/01\/image-124-696x301.png 696w, https:\/\/www.todoeldia.com\/wp-content\/uploads\/2024\/01\/image-124-1068x462.png 1068w, https:\/\/www.todoeldia.com\/wp-content\/uploads\/2024\/01\/image-124-971x420.png 971w, https:\/\/www.todoeldia.com\/wp-content\/uploads\/2024\/01\/image-124.png 1600w\" sizes=\"auto, (max-width: 1024px) 100vw, 1024px\" \/><\/figure>\n\n\n\n<p>En la audiencia de formalizaci\u00f3n de la investigaci\u00f3n penal, el fiscal sostuvo que Mario Enrique Valdez sali\u00f3 de su casa en Salvador Mazza el s\u00e1bado pasado con destino a Buenos Aires, pero que a la altura de la ruta provincial N\u00b030, en la localidad de Joaqu\u00edn V. Gonz\u00e1lez -en el sur de la provincia-, fue detenido en un control vehicular ubicado en el kil\u00f3metro 1.486.<\/p>\n\n\n\n<p>Al momento de revisar los papeles del autom\u00f3vil modelo Fiat Punto que conduc\u00eda, los gendarmes le pidieron abrir el ba\u00fal. En ese momento, sintieron un olor a pegamento que proven\u00eda de los paneles laterales, a la altura del sector donde se ubica las herramientas de auxilio mec\u00e1nico. Ante ese estado de sospecha, y con el control judicial del caso, se procedi\u00f3 a una requisa m\u00e1s profunda, lo que permiti\u00f3 descubrir 19 paquetes de droga ubicados en los paneles laterales del ba\u00fal del auto.<\/p>\n\n\n\n<p>En total, se secuestraron 9,542 kilos de coca\u00edna y 2,156 kilos de marihuana. A partir de estos elementos y la prueba documental reunida, el fiscal formaliz\u00f3 la imputaci\u00f3n, en vista de la gravedad del hecho, la log\u00edstica puesta de manifiesto y el grave da\u00f1o a la salud p\u00fablica que representaba la carga que transportaba.<\/p>\n\n\n\n<p>En esa misma l\u00ednea, solicit\u00f3 la prisi\u00f3n preventiva del conductor dado que Valdez presenta un gran movimiento migratorio, lo que incrementa el riesgo de fuga y, por ende, de entorpecimiento procesal. Adem\u00e1s, resalt\u00f3 que la escala penal del delito imputado impedir\u00eda la aplicaci\u00f3n de una condena de prisi\u00f3n condicional, ante una presumible condena.<\/p>\n\n\n\n<p>Expuestos los requerimientos de la fiscal\u00eda, Valdez opt\u00f3 por no declarar. Tras esto, la jueza orden\u00f3 la prisi\u00f3n preventiva requerida por la fiscal\u00eda y autoriz\u00f3 a avanzar con una serie de peritajes pendientes. Entre sus argumentos, la magistrada federal destac\u00f3 tambi\u00e9n la obligaci\u00f3n adquirida por el Estado Nacional, a trav\u00e9s de la firma de tratados internacionales, de seguir hasta las \u00faltimas consecuencias las investigaciones relacionadas al narcotr\u00e1fico.<\/p>\n","protected":false},"excerpt":{"rendered":"<p>El acusado hab\u00eda salido de Salvador Mazza y se dirig\u00eda a Buenos Aires. En la localidad de Joaqu\u00edn V. Gonz\u00e1lez, una patrulla de Gendarmer\u00eda Nacional lo descubri\u00f3 y lo detuvo en una ruta. Adem\u00e1s de la coca\u00edna, trasladaba m\u00e1s de 2 kilos de marihuana. A instancias de la Unidad Fiscal Salta, representada por el fiscal [&hellip;]<\/p>\n","protected":false},"author":2,"featured_media":71786,"comment_status":"open","ping_status":"open","sticky":false,"template":"","format":"standard","meta":{"tdm_status":"","tdm_grid_status":"","_joinchat":[],"footnotes":""},"categories":[63],"tags":[],"class_list":{"0":"post-71785","1":"post","2":"type-post","3":"status-publish","4":"format-standard","5":"has-post-thumbnail","7":"category-policiales"},"amp_enabled":true,"_links":{"self":[{"href":"https:\/\/www.todoeldia.com\/index.php\/wp-json\/wp\/v2\/posts\/71785","targetHints":{"allow":["GET"]}}],"collection":[{"href":"https:\/\/www.todoeldia.com\/index.php\/wp-json\/wp\/v2\/posts"}],"about":[{"href":"https:\/\/www.todoeldia.com\/index.php\/wp-json\/wp\/v2\/types\/post"}],"author":[{"embeddable":true,"href":"https:\/\/www.todoeldia.com\/index.php\/wp-json\/wp\/v2\/users\/2"}],"replies":[{"embeddable":true,"href":"https:\/\/www.todoeldia.com\/index.php\/wp-json\/wp\/v2\/comments?post=71785"}],"version-history":[{"count":1,"href":"https:\/\/www.todoeldia.com\/index.php\/wp-json\/wp\/v2\/posts\/71785\/revisions"}],"predecessor-version":[{"id":71788,"href":"https:\/\/www.todoeldia.com\/index.php\/wp-json\/wp\/v2\/posts\/71785\/revisions\/71788"}],"wp:featuredmedia":[{"embeddable":true,"href":"https:\/\/www.todoeldia.com\/index.php\/wp-json\/wp\/v2\/media\/71786"}],"wp:attachment":[{"href":"https:\/\/www.todoeldia.com\/index.php\/wp-json\/wp\/v2\/media?parent=71785"}],"wp:term":[{"taxonomy":"category","embeddable":true,"href":"https:\/\/www.todoeldia.com\/index.php\/wp-json\/wp\/v2\/categories?post=71785"},{"taxonomy":"post_tag","embeddable":true,"href":"https:\/\/www.todoeldia.com\/index.php\/wp-json\/wp\/v2\/tags?post=71785"}],"curies":[{"name":"wp","href":"https:\/\/api.w.org\/{rel}","templated":true}]}}