{"id":71792,"date":"2024-01-23T13:56:35","date_gmt":"2024-01-23T16:56:35","guid":{"rendered":"https:\/\/www.todoeldia.com\/?p=71792"},"modified":"2024-01-23T13:56:35","modified_gmt":"2024-01-23T16:56:35","slug":"telefono-para-saenz-advierten-que-si-no-se-aprueba-la-ley-omnibus-revisaran-las-transferencias-a-las-provincias","status":"publish","type":"post","link":"https:\/\/www.todoeldia.com\/index.php\/2024\/01\/23\/telefono-para-saenz-advierten-que-si-no-se-aprueba-la-ley-omnibus-revisaran-las-transferencias-a-las-provincias\/","title":{"rendered":"Tel\u00e9fono para S\u00e1enz: advierten que, si no se aprueba la ley \u00f3mnibus, revisar\u00e1n las transferencias a las provincias"},"content":{"rendered":"\n<p>El vocero presidencial, Manuel Adorni, se refiri\u00f3 al debate sobre las reformas que impulsa la administraci\u00f3n de Javier Milei. Ante una eventual falta de apoyo, avis\u00f3: \u201cVamos a revisar cada partida sin tener ning\u00fan tipo de contemplaci\u00f3n\u201d.<\/p>\n\n\n\n<p>En la previa de la sesi\u00f3n en comisi\u00f3n en la que el oficialismo busca obtener dictamen del proyecto de la ley \u00f3mnibus que impulsa Javier Milei (tras los cambios que se le realizaron al texto), el Gobierno nacional lanz\u00f3 una dura advertencia a los gobernadores.<\/p>\n\n\n\n<p>Durante la conferencia de prensa habitual realizada en la Casa Rosada, el vocero dijo que no manejan la hip\u00f3tesis de que el proyecto de ley bases fracase en el Congreso, pero advirti\u00f3 que, en caso de que eso suceda, el peso recaer\u00e1 sobre las provincias.<\/p>\n\n\n\n<p>\u201cM\u00e1s all\u00e1 de que no vemos razones para que el proyecto de ley bases no se termine transformando en ley, en caso de que eso no ocurra, es seguir con el ajuste de las cuentas p\u00fablicas, no va a haber otro camino. El ajuste de las cuentas p\u00fablicas va a incluir el an\u00e1lisis de todas y cada una de las partidas que el Gobierno nacional transfiere a las provincias, en todos los conceptos que se pueda ocurrir\u201d, dijo Adorni.<\/p>\n","protected":false},"excerpt":{"rendered":"<p>El vocero presidencial, Manuel Adorni, se refiri\u00f3 al debate sobre las reformas que impulsa la administraci\u00f3n de Javier Milei. Ante una eventual falta de apoyo, avis\u00f3: \u201cVamos a revisar cada partida sin tener ning\u00fan tipo de contemplaci\u00f3n\u201d. En la previa de la sesi\u00f3n en comisi\u00f3n en la que el oficialismo busca obtener dictamen del proyecto [&hellip;]<\/p>\n","protected":false},"author":2,"featured_media":54255,"comment_status":"open","ping_status":"open","sticky":false,"template":"","format":"standard","meta":{"tdm_status":"","tdm_grid_status":"","_joinchat":[],"footnotes":""},"categories":[60],"tags":[],"class_list":{"0":"post-71792","1":"post","2":"type-post","3":"status-publish","4":"format-standard","5":"has-post-thumbnail","7":"category-economia"},"amp_enabled":true,"_links":{"self":[{"href":"https:\/\/www.todoeldia.com\/index.php\/wp-json\/wp\/v2\/posts\/71792","targetHints":{"allow":["GET"]}}],"collection":[{"href":"https:\/\/www.todoeldia.com\/index.php\/wp-json\/wp\/v2\/posts"}],"about":[{"href":"https:\/\/www.todoeldia.com\/index.php\/wp-json\/wp\/v2\/types\/post"}],"author":[{"embeddable":true,"href":"https:\/\/www.todoeldia.com\/index.php\/wp-json\/wp\/v2\/users\/2"}],"replies":[{"embeddable":true,"href":"https:\/\/www.todoeldia.com\/index.php\/wp-json\/wp\/v2\/comments?post=71792"}],"version-history":[{"count":1,"href":"https:\/\/www.todoeldia.com\/index.php\/wp-json\/wp\/v2\/posts\/71792\/revisions"}],"predecessor-version":[{"id":71793,"href":"https:\/\/www.todoeldia.com\/index.php\/wp-json\/wp\/v2\/posts\/71792\/revisions\/71793"}],"wp:featuredmedia":[{"embeddable":true,"href":"https:\/\/www.todoeldia.com\/index.php\/wp-json\/wp\/v2\/media\/54255"}],"wp:attachment":[{"href":"https:\/\/www.todoeldia.com\/index.php\/wp-json\/wp\/v2\/media?parent=71792"}],"wp:term":[{"taxonomy":"category","embeddable":true,"href":"https:\/\/www.todoeldia.com\/index.php\/wp-json\/wp\/v2\/categories?post=71792"},{"taxonomy":"post_tag","embeddable":true,"href":"https:\/\/www.todoeldia.com\/index.php\/wp-json\/wp\/v2\/tags?post=71792"}],"curies":[{"name":"wp","href":"https:\/\/api.w.org\/{rel}","templated":true}]}}