{"id":71798,"date":"2024-01-23T14:42:23","date_gmt":"2024-01-23T17:42:23","guid":{"rendered":"https:\/\/www.todoeldia.com\/?p=71798"},"modified":"2024-01-23T14:42:23","modified_gmt":"2024-01-23T17:42:23","slug":"peluquero-y-empleado-administrativo-quien-es-el-joven-que-alquilo-un-kayak-en-claromeco-y-desaparecio","status":"publish","type":"post","link":"https:\/\/www.todoeldia.com\/index.php\/2024\/01\/23\/peluquero-y-empleado-administrativo-quien-es-el-joven-que-alquilo-un-kayak-en-claromeco-y-desaparecio\/","title":{"rendered":"Peluquero y empleado administrativo: qui\u00e9n es el joven que alquil\u00f3 un kayak en Claromec\u00f3 y desapareci\u00f3"},"content":{"rendered":"\n<p>Federico Saihueque Cuevas tiene 25 a\u00f1os y es de Tres Arroyos. Viaj\u00f3 a esa localidad tur\u00edstica junto a una amiga.<\/p>\n\n\n\n<p>Federico Manuel Saihueque Cuevas es buscado intensamente desde hace casi 48 horas por su familia y por una gran n\u00famero de efectivos de la Prefectura Naval y de la Polic\u00eda de Claromec\u00f3. El motivo: desapareci\u00f3 el domingo pasado tras haber ingresado al mar en un kayak que hab\u00eda alquilado en un balneario de esa localidad del partido de Tres Arroyos. Su paradero todav\u00eda es un misterio y ya hay un juez Federal que tiene a su cargo la investigaci\u00f3n.<\/p>\n\n\n\n<p>Su ausencia comenz\u00f3 a notarse despu\u00e9s de que la familia del joven, de 25 a\u00f1os, se percat\u00f3 de que hab\u00edan pasado varias horas desde que Federico -con domicilio en la ciudad de Tres Arroyos- fuera a pasar el domingo a las playas del balneario. De inmediato decidieron radicar una denuncia en una sede policial, lo que llev\u00f3 a los efectivos de la comuna de Tres Arroyos a iniciar el operativo.<\/p>\n\n\n\n<figure class=\"wp-block-image size-full\"><img loading=\"lazy\" decoding=\"async\" width=\"992\" height=\"606\" src=\"https:\/\/www.todoeldia.com\/wp-content\/uploads\/2024\/01\/image-126.png\" alt=\"\" class=\"wp-image-71800\" srcset=\"https:\/\/www.todoeldia.com\/wp-content\/uploads\/2024\/01\/image-126.png 992w, https:\/\/www.todoeldia.com\/wp-content\/uploads\/2024\/01\/image-126-300x183.png 300w, https:\/\/www.todoeldia.com\/wp-content\/uploads\/2024\/01\/image-126-768x469.png 768w, https:\/\/www.todoeldia.com\/wp-content\/uploads\/2024\/01\/image-126-696x425.png 696w, https:\/\/www.todoeldia.com\/wp-content\/uploads\/2024\/01\/image-126-688x420.png 688w\" sizes=\"auto, (max-width: 992px) 100vw, 992px\" \/><\/figure>\n\n\n\n<p><strong>Federico Saihueque Cueva desapareci\u00f3 el domingo tras ingresar al mar en un Kayak<\/strong><\/p>\n\n\n\n<p>Infobae dialog\u00f3 con Sandra Saihueque, prima de Federico, quien brind\u00f3 algunos detalles del joven y pidi\u00f3 colaboraci\u00f3n para quien pueda aportar alg\u00fan dato para dar con \u00e9l. Seg\u00fan dijo, su primo viaj\u00f3 el domingo para pasar el d\u00eda en compa\u00f1\u00eda de una amiga, a quien no conocen. Es que de acuerdo con lo que coment\u00f3 la mujer, el joven es una persona que no suele contar aspectos de su vida privada. De hecho, les cost\u00f3 ubicar a la joven que lo acompa\u00f1\u00f3 para saber m\u00e1s datos de lo que pas\u00f3.<\/p>\n\n\n\n<p>\u201cFue con una amiga, pero \u00e9l es tan reservado que tuvimos que buscarla entre familia y amigos. No sab\u00edamos qui\u00e9n era\u201d, cont\u00f3 Sandra, quien adem\u00e1s dijo que su primo parti\u00f3 desde Puerto Mosquito, ubicado a la vera del r\u00edo Tres Arroyos. Fue all\u00ed donde alquil\u00f3 el kayak.<\/p>\n\n\n\n<p>La causa est\u00e1 en manos del juez Federal de Necochea, Bernardo Bible, quien calific\u00f3 el expediente como b\u00fasqueda de persona. En di\u00e1logo con TN, el magistrado dijo que las autoridades, en un determinado momento, le \u201cadvirtieron que no continuara\u201d con su trayecto. \u201cEsto porque ser\u00eda una persona inexperta que despleg\u00f3 esta acci\u00f3n na\u00fatica sin conocer la zona, los vientos y las mareas. Ocurri\u00f3 en un horario donde hay vientos muy cambiantes y esto determin\u00f3 que no tuviera posibilidad de volver a la costa\u201d, dijo el juez.<\/p>\n\n\n\n<p>Desde el municipio indicaron que la Polic\u00eda confirm\u00f3 que Federico habr\u00eda sido divisado el domingo en l\u00ednea recta a la bajada de Dunamar pasadas las 19 horas y que \u201cal ser invitado a volver a la costa manifest\u00f3 encontrarse bien\u201d. Agregaron que \u201chasta el momento no hay novedades sobre su paradero\u201d.<\/p>\n","protected":false},"excerpt":{"rendered":"<p>Federico Saihueque Cuevas tiene 25 a\u00f1os y es de Tres Arroyos. Viaj\u00f3 a esa localidad tur\u00edstica junto a una amiga. Federico Manuel Saihueque Cuevas es buscado intensamente desde hace casi 48 horas por su familia y por una gran n\u00famero de efectivos de la Prefectura Naval y de la Polic\u00eda de Claromec\u00f3. El motivo: desapareci\u00f3 [&hellip;]<\/p>\n","protected":false},"author":2,"featured_media":71799,"comment_status":"open","ping_status":"open","sticky":false,"template":"","format":"standard","meta":{"tdm_status":"","tdm_grid_status":"","_joinchat":[],"footnotes":""},"categories":[63],"tags":[],"class_list":{"0":"post-71798","1":"post","2":"type-post","3":"status-publish","4":"format-standard","5":"has-post-thumbnail","7":"category-policiales"},"amp_enabled":true,"_links":{"self":[{"href":"https:\/\/www.todoeldia.com\/index.php\/wp-json\/wp\/v2\/posts\/71798","targetHints":{"allow":["GET"]}}],"collection":[{"href":"https:\/\/www.todoeldia.com\/index.php\/wp-json\/wp\/v2\/posts"}],"about":[{"href":"https:\/\/www.todoeldia.com\/index.php\/wp-json\/wp\/v2\/types\/post"}],"author":[{"embeddable":true,"href":"https:\/\/www.todoeldia.com\/index.php\/wp-json\/wp\/v2\/users\/2"}],"replies":[{"embeddable":true,"href":"https:\/\/www.todoeldia.com\/index.php\/wp-json\/wp\/v2\/comments?post=71798"}],"version-history":[{"count":1,"href":"https:\/\/www.todoeldia.com\/index.php\/wp-json\/wp\/v2\/posts\/71798\/revisions"}],"predecessor-version":[{"id":71801,"href":"https:\/\/www.todoeldia.com\/index.php\/wp-json\/wp\/v2\/posts\/71798\/revisions\/71801"}],"wp:featuredmedia":[{"embeddable":true,"href":"https:\/\/www.todoeldia.com\/index.php\/wp-json\/wp\/v2\/media\/71799"}],"wp:attachment":[{"href":"https:\/\/www.todoeldia.com\/index.php\/wp-json\/wp\/v2\/media?parent=71798"}],"wp:term":[{"taxonomy":"category","embeddable":true,"href":"https:\/\/www.todoeldia.com\/index.php\/wp-json\/wp\/v2\/categories?post=71798"},{"taxonomy":"post_tag","embeddable":true,"href":"https:\/\/www.todoeldia.com\/index.php\/wp-json\/wp\/v2\/tags?post=71798"}],"curies":[{"name":"wp","href":"https:\/\/api.w.org\/{rel}","templated":true}]}}