{"id":71818,"date":"2024-01-23T19:53:16","date_gmt":"2024-01-23T22:53:16","guid":{"rendered":"https:\/\/www.todoeldia.com\/?p=71818"},"modified":"2024-01-23T19:53:16","modified_gmt":"2024-01-23T22:53:16","slug":"fue-detenido-luego-de-robar-en-varios-comercios-centricos","status":"publish","type":"post","link":"https:\/\/www.todoeldia.com\/index.php\/2024\/01\/23\/fue-detenido-luego-de-robar-en-varios-comercios-centricos\/","title":{"rendered":"Fue detenido luego de robar en varios comercios c\u00e9ntricos"},"content":{"rendered":"\n<p>Bajo la modalidad descuidista, sustrajo prendas de vestir de un local comercial, intent\u00f3 robar otras en un comercio cercano y se encontr\u00f3 en su poder adem\u00e1s una billetera que hab\u00eda afanado de otra tienda.<\/p>\n\n\n\n<p>El fiscal penal Pablo Paz, interino en la Fiscal\u00eda Penal 2 en feria, imput\u00f3 de forma provisional a un hombre de 36 a\u00f1os como autor de los delitos de hurto simple (tres hechos) y tentativa de hurto (un hecho) en concurso real.<\/p>\n\n\n\n<p>Tras la audiencia de imputaci\u00f3n, desde la Fiscal\u00eda se solicit\u00f3 al Juzgado de Garant\u00edas interviniente la prisi\u00f3n preventiva del acusado.<\/p>\n\n\n\n<p>El pasado viernes se produjo la detenci\u00f3n del sospechoso tras ser identificado como la persona que hab\u00eda ingresado a un comercio de la zona centro de la ciudad de Salta e intent\u00f3 sustraer dos vestidos para luego retirarse.<\/p>\n\n\n\n<p>Habiendo sido registrado por las c\u00e1maras de seguridad y reportado al personal policial, fue individualizado en la zona llevando una bolsa que conten\u00eda dos prendas de vestir que hab\u00eda sustra\u00eddo de una tienda de Alberdi al 200 y una billetera adquirida de la misma manera.<\/p>\n\n\n\n<p>Adicionalmente, se hallaron en su posesi\u00f3n otras prendas de vestir, elementos de escritura, accesorios para el cabello y diversos objetos cuya procedencia no pudo ser determinada.<\/p>\n","protected":false},"excerpt":{"rendered":"<p>Bajo la modalidad descuidista, sustrajo prendas de vestir de un local comercial, intent\u00f3 robar otras en un comercio cercano y se encontr\u00f3 en su poder adem\u00e1s una billetera que hab\u00eda afanado de otra tienda. El fiscal penal Pablo Paz, interino en la Fiscal\u00eda Penal 2 en feria, imput\u00f3 de forma provisional a un hombre de [&hellip;]<\/p>\n","protected":false},"author":2,"featured_media":4605,"comment_status":"open","ping_status":"open","sticky":false,"template":"","format":"standard","meta":{"tdm_status":"","tdm_grid_status":"","_joinchat":[],"footnotes":""},"categories":[63],"tags":[],"class_list":{"0":"post-71818","1":"post","2":"type-post","3":"status-publish","4":"format-standard","5":"has-post-thumbnail","7":"category-policiales"},"amp_enabled":true,"_links":{"self":[{"href":"https:\/\/www.todoeldia.com\/index.php\/wp-json\/wp\/v2\/posts\/71818","targetHints":{"allow":["GET"]}}],"collection":[{"href":"https:\/\/www.todoeldia.com\/index.php\/wp-json\/wp\/v2\/posts"}],"about":[{"href":"https:\/\/www.todoeldia.com\/index.php\/wp-json\/wp\/v2\/types\/post"}],"author":[{"embeddable":true,"href":"https:\/\/www.todoeldia.com\/index.php\/wp-json\/wp\/v2\/users\/2"}],"replies":[{"embeddable":true,"href":"https:\/\/www.todoeldia.com\/index.php\/wp-json\/wp\/v2\/comments?post=71818"}],"version-history":[{"count":1,"href":"https:\/\/www.todoeldia.com\/index.php\/wp-json\/wp\/v2\/posts\/71818\/revisions"}],"predecessor-version":[{"id":71819,"href":"https:\/\/www.todoeldia.com\/index.php\/wp-json\/wp\/v2\/posts\/71818\/revisions\/71819"}],"wp:featuredmedia":[{"embeddable":true,"href":"https:\/\/www.todoeldia.com\/index.php\/wp-json\/wp\/v2\/media\/4605"}],"wp:attachment":[{"href":"https:\/\/www.todoeldia.com\/index.php\/wp-json\/wp\/v2\/media?parent=71818"}],"wp:term":[{"taxonomy":"category","embeddable":true,"href":"https:\/\/www.todoeldia.com\/index.php\/wp-json\/wp\/v2\/categories?post=71818"},{"taxonomy":"post_tag","embeddable":true,"href":"https:\/\/www.todoeldia.com\/index.php\/wp-json\/wp\/v2\/tags?post=71818"}],"curies":[{"name":"wp","href":"https:\/\/api.w.org\/{rel}","templated":true}]}}