{"id":71823,"date":"2024-01-23T20:24:40","date_gmt":"2024-01-23T23:24:40","guid":{"rendered":"https:\/\/www.todoeldia.com\/?p=71823"},"modified":"2024-01-23T21:36:33","modified_gmt":"2024-01-24T00:36:33","slug":"se-suicido-un-alto-funcionario-de-la-ciudad-de-buenos-aires-ayer-habia-sido-denunciado-por-abuso-sexual","status":"publish","type":"post","link":"https:\/\/www.todoeldia.com\/index.php\/2024\/01\/23\/se-suicido-un-alto-funcionario-de-la-ciudad-de-buenos-aires-ayer-habia-sido-denunciado-por-abuso-sexual\/","title":{"rendered":"Se suicid\u00f3 un alto funcionario de la ciudad de Buenos Aires: ayer hab\u00eda sido denunciado por abuso sexual"},"content":{"rendered":"\n<p>Se trata de Carlos Pedrini, titular del Instituto de la Vivienda (IVC). Ten\u00eda 48 a\u00f1os.<\/p>\n\n\n\n<p>El presidente del Instituto de Vivienda de la ciudad de Buenos Aires, Carlos Mar\u00eda Pedrini, fue encontrado muerto en las \u00faltimas horas y, seg\u00fan pudo saber Infobae, se trat\u00f3 de un suicidio.<\/p>\n\n\n\n<p>De acuerdo a lo que pudo confirmar este medio, el funcionario porte\u00f1o hab\u00eda sido denunciado ayer por abuso sexual. La causa recay\u00f3 en el Juzgado Criminal Seccional y Correccional N\u00b03, secretar\u00eda 110. La tipificaci\u00f3n del expediente indica \u201cviolencia de g\u00e9nero\u201d, aunque el texto de la denuncia reza: \u201cImputado Pedrini, Carlos Mar\u00eda, s\/abuso sexual. Art\u00edculo 119, primer p\u00e1rrafo. Damnificada: J.G.\u201d.<\/p>\n\n\n\n<p>Seg\u00fan consta en la investigaci\u00f3n, Pedrini fue hallado con signos de ahorcamiento. Tambi\u00e9n se supo que el dirigente ten\u00eda c\u00e1ncer de tiroides y, si bien hab\u00eda sido operado hace un tiempo con buenos resultados, en los \u00faltimos d\u00edas hab\u00eda tenido estudios m\u00e9dicos con noticias poco favorables.<\/p>\n","protected":false},"excerpt":{"rendered":"<p>Se trata de Carlos Pedrini, titular del Instituto de la Vivienda (IVC). Ten\u00eda 48 a\u00f1os. El presidente del Instituto de Vivienda de la ciudad de Buenos Aires, Carlos Mar\u00eda Pedrini, fue encontrado muerto en las \u00faltimas horas y, seg\u00fan pudo saber Infobae, se trat\u00f3 de un suicidio. De acuerdo a lo que pudo confirmar este [&hellip;]<\/p>\n","protected":false},"author":2,"featured_media":71824,"comment_status":"open","ping_status":"open","sticky":false,"template":"","format":"standard","meta":{"tdm_status":"","tdm_grid_status":"","_joinchat":[],"footnotes":""},"categories":[63],"tags":[],"class_list":{"0":"post-71823","1":"post","2":"type-post","3":"status-publish","4":"format-standard","5":"has-post-thumbnail","7":"category-policiales"},"amp_enabled":true,"_links":{"self":[{"href":"https:\/\/www.todoeldia.com\/index.php\/wp-json\/wp\/v2\/posts\/71823","targetHints":{"allow":["GET"]}}],"collection":[{"href":"https:\/\/www.todoeldia.com\/index.php\/wp-json\/wp\/v2\/posts"}],"about":[{"href":"https:\/\/www.todoeldia.com\/index.php\/wp-json\/wp\/v2\/types\/post"}],"author":[{"embeddable":true,"href":"https:\/\/www.todoeldia.com\/index.php\/wp-json\/wp\/v2\/users\/2"}],"replies":[{"embeddable":true,"href":"https:\/\/www.todoeldia.com\/index.php\/wp-json\/wp\/v2\/comments?post=71823"}],"version-history":[{"count":1,"href":"https:\/\/www.todoeldia.com\/index.php\/wp-json\/wp\/v2\/posts\/71823\/revisions"}],"predecessor-version":[{"id":71825,"href":"https:\/\/www.todoeldia.com\/index.php\/wp-json\/wp\/v2\/posts\/71823\/revisions\/71825"}],"wp:featuredmedia":[{"embeddable":true,"href":"https:\/\/www.todoeldia.com\/index.php\/wp-json\/wp\/v2\/media\/71824"}],"wp:attachment":[{"href":"https:\/\/www.todoeldia.com\/index.php\/wp-json\/wp\/v2\/media?parent=71823"}],"wp:term":[{"taxonomy":"category","embeddable":true,"href":"https:\/\/www.todoeldia.com\/index.php\/wp-json\/wp\/v2\/categories?post=71823"},{"taxonomy":"post_tag","embeddable":true,"href":"https:\/\/www.todoeldia.com\/index.php\/wp-json\/wp\/v2\/tags?post=71823"}],"curies":[{"name":"wp","href":"https:\/\/api.w.org\/{rel}","templated":true}]}}