{"id":71830,"date":"2024-01-24T10:13:21","date_gmt":"2024-01-24T13:13:21","guid":{"rendered":"https:\/\/www.todoeldia.com\/?p=71830"},"modified":"2024-01-24T10:13:21","modified_gmt":"2024-01-24T13:13:21","slug":"aerolineas-argentinas-cancelo-267-vuelos-y-reprogramo-otros-26-por-el-paro-de-la-cgt","status":"publish","type":"post","link":"https:\/\/www.todoeldia.com\/index.php\/2024\/01\/24\/aerolineas-argentinas-cancelo-267-vuelos-y-reprogramo-otros-26-por-el-paro-de-la-cgt\/","title":{"rendered":"Aerol\u00edneas Argentinas cancel\u00f3 267 vuelos y reprogram\u00f3 otros 26 por el paro de la CGT"},"content":{"rendered":"\n<p>As\u00ed lo inform\u00f3 la aerol\u00ednea de bandera a horas de la medida de fuerza. Qu\u00e9 decidieron JetSmart y FlyBondi.<\/p>\n\n\n\n<p>Aerol\u00edneas Argentinas confirm\u00f3 la cancelaci\u00f3n de 267 vuelos y la reprogramaci\u00f3n de otros 26 por el paro de la CGT. La operaci\u00f3n se mantendr\u00e1 activa entre las 00 y las 12 horas del mediod\u00eda del mi\u00e9rcoles a ra\u00edz de una conciliaci\u00f3n obligatoria.<\/p>\n\n\n\n<p>La medida de Aerolineas afectar\u00e1 a unos 17.000 pasajeros que ten\u00edan previstos sus viajes entre las 12 y las 24.<\/p>\n\n\n\n<p>El dictado de conciliaci\u00f3n obligatoria con el gremio que nuclea al personal de rampa, check-in y call center (APA, Asociacion del Personal Aeronautico) permitir\u00e1 que la operaci\u00f3n contin\u00fae hasta el mediod\u00eda de este mi\u00e9rcoles.<\/p>\n\n\n\n<p>La regularizaci\u00f3n de la operaci\u00f3n y la distribuci\u00f3n de los pasajeros afectados en otros vuelos llevar\u00e1 aproximadamente 72 horas.<\/p>\n\n\n\n<p>Adem\u00e1s, se sugiere a los pasajeros que verifiquen en la web de la compa\u00f1\u00eda (www.aerolineas.com.ar) la \u00faltima informaci\u00f3n disponible sobre el estado de su vuelo antes de dirigirse al aeropuerto.<\/p>\n\n\n\n<p>Qu\u00e9 informaron JetSmart y FlyBondi acerca del paro<\/p>\n\n\n\n<p>A su vez, JetSmart opt\u00f3 por cancelar toda la actividad, lo cual afectar\u00e1 a unos 5.000 pasajeros, quienes ser\u00e1n reubicados en los vuelos previstos para el jueves y el viernes.<\/p>\n\n\n\n<p>&#8220;JetSmart informa que, debido a las medidas gremiales anunciadas a partir de las 00 horas de este mi\u00e9rcoles 24 de enero, la aerol\u00ednea se ha visto en la obligaci\u00f3n de cancelar la totalidad<\/p>\n\n\n\n<p>de sus vuelos programados para ese d\u00eda&#8221;, expres\u00f3 la empresa en un comunicado dado a conocer en sus redes sociales.<\/p>\n\n\n\n<p>En tanto, FlyBondi, se\u00f1al\u00f3 que &#8220;Debido al paro nacional anunciado para el 24 de enero, estaremos trasladando nuestra operaci\u00f3n al aeropuerto Internacional de Ezeiza&#8221;.<\/p>\n\n\n\n<p>Por lo tanto, gran parte de la actividad de esta empresa low cost ser\u00e1 pr\u00e1cticamente normal, aunque desde otra terminal a\u00e9rea.<\/p>\n","protected":false},"excerpt":{"rendered":"<p>As\u00ed lo inform\u00f3 la aerol\u00ednea de bandera a horas de la medida de fuerza. Qu\u00e9 decidieron JetSmart y FlyBondi. Aerol\u00edneas Argentinas confirm\u00f3 la cancelaci\u00f3n de 267 vuelos y la reprogramaci\u00f3n de otros 26 por el paro de la CGT. La operaci\u00f3n se mantendr\u00e1 activa entre las 00 y las 12 horas del mediod\u00eda del mi\u00e9rcoles [&hellip;]<\/p>\n","protected":false},"author":2,"featured_media":8378,"comment_status":"open","ping_status":"open","sticky":false,"template":"","format":"standard","meta":{"tdm_status":"","tdm_grid_status":"","_joinchat":[],"footnotes":""},"categories":[59],"tags":[],"class_list":{"0":"post-71830","1":"post","2":"type-post","3":"status-publish","4":"format-standard","5":"has-post-thumbnail","7":"category-politica"},"amp_enabled":true,"_links":{"self":[{"href":"https:\/\/www.todoeldia.com\/index.php\/wp-json\/wp\/v2\/posts\/71830","targetHints":{"allow":["GET"]}}],"collection":[{"href":"https:\/\/www.todoeldia.com\/index.php\/wp-json\/wp\/v2\/posts"}],"about":[{"href":"https:\/\/www.todoeldia.com\/index.php\/wp-json\/wp\/v2\/types\/post"}],"author":[{"embeddable":true,"href":"https:\/\/www.todoeldia.com\/index.php\/wp-json\/wp\/v2\/users\/2"}],"replies":[{"embeddable":true,"href":"https:\/\/www.todoeldia.com\/index.php\/wp-json\/wp\/v2\/comments?post=71830"}],"version-history":[{"count":1,"href":"https:\/\/www.todoeldia.com\/index.php\/wp-json\/wp\/v2\/posts\/71830\/revisions"}],"predecessor-version":[{"id":71831,"href":"https:\/\/www.todoeldia.com\/index.php\/wp-json\/wp\/v2\/posts\/71830\/revisions\/71831"}],"wp:featuredmedia":[{"embeddable":true,"href":"https:\/\/www.todoeldia.com\/index.php\/wp-json\/wp\/v2\/media\/8378"}],"wp:attachment":[{"href":"https:\/\/www.todoeldia.com\/index.php\/wp-json\/wp\/v2\/media?parent=71830"}],"wp:term":[{"taxonomy":"category","embeddable":true,"href":"https:\/\/www.todoeldia.com\/index.php\/wp-json\/wp\/v2\/categories?post=71830"},{"taxonomy":"post_tag","embeddable":true,"href":"https:\/\/www.todoeldia.com\/index.php\/wp-json\/wp\/v2\/tags?post=71830"}],"curies":[{"name":"wp","href":"https:\/\/api.w.org\/{rel}","templated":true}]}}