{"id":71835,"date":"2024-01-24T10:23:16","date_gmt":"2024-01-24T13:23:16","guid":{"rendered":"https:\/\/www.todoeldia.com\/?p=71835"},"modified":"2024-01-24T10:23:17","modified_gmt":"2024-01-24T13:23:17","slug":"un-avion-militar-ruso-se-estrello-en-belgorod-con-65-prisioneros-ucranianos-a-bordo","status":"publish","type":"post","link":"https:\/\/www.todoeldia.com\/index.php\/2024\/01\/24\/un-avion-militar-ruso-se-estrello-en-belgorod-con-65-prisioneros-ucranianos-a-bordo\/","title":{"rendered":"Un avi\u00f3n militar ruso se estrell\u00f3 en B\u00e9lgorod con 65 prisioneros ucranianos a bordo"},"content":{"rendered":"\n<p>El vuelo del II-76 ten\u00eda a 65 prisioneros, pero tambi\u00e9n seis tripulantes y tres militares rusos a bordo. Los 74 tripulantes fallecieron en el acto. Todav\u00eda se desconocen las causas.<\/p>\n\n\n\n<p>El Ministerio de Defensa de Rusia comunic\u00f3 en Telegram la ca\u00edda de un avi\u00f3n de transporte militar II-76 que en la regi\u00f3n fronteriza de B\u00e9gorod que trasladaba a 65 prisioneros ucranianos a bordo, seis tripulantes y tres militares rusos. Seg\u00fan inform\u00f3 el gobernador de la ciudad, Viacheslav Gladkov, los 74 pasajeros fallecieron en el acto.<\/p>\n\n\n\n<p>&#8220;A bordo se encontraban 65 militares ucranianos capturados, transportados a la regi\u00f3n de Belgorod para su intercambio, seis miembros de la tripulaci\u00f3n y tres escoltas&#8221;, explicaron este mi\u00e9rcoles sobre lo ocurrido con una aeronave perteneciente al Kremlin.<\/p>\n\n\n\n<p>Un video difundido en las redes sociales muestra al avi\u00f3n cayendo hasta que impacta y genera una importante bola de fuego en suelo ruso. El modelo de la aeronave, una II-76, es utilizada para transporte militar, lo que incluye tropas, equipo militar, armas y distintas cargas.<\/p>\n","protected":false},"excerpt":{"rendered":"<p>El vuelo del II-76 ten\u00eda a 65 prisioneros, pero tambi\u00e9n seis tripulantes y tres militares rusos a bordo. Los 74 tripulantes fallecieron en el acto. Todav\u00eda se desconocen las causas. El Ministerio de Defensa de Rusia comunic\u00f3 en Telegram la ca\u00edda de un avi\u00f3n de transporte militar II-76 que en la regi\u00f3n fronteriza de B\u00e9gorod [&hellip;]<\/p>\n","protected":false},"author":2,"featured_media":71836,"comment_status":"open","ping_status":"open","sticky":false,"template":"","format":"standard","meta":{"tdm_status":"","tdm_grid_status":"","_joinchat":[],"footnotes":""},"categories":[73],"tags":[],"class_list":{"0":"post-71835","1":"post","2":"type-post","3":"status-publish","4":"format-standard","5":"has-post-thumbnail","7":"category-noticias-general"},"amp_enabled":true,"_links":{"self":[{"href":"https:\/\/www.todoeldia.com\/index.php\/wp-json\/wp\/v2\/posts\/71835","targetHints":{"allow":["GET"]}}],"collection":[{"href":"https:\/\/www.todoeldia.com\/index.php\/wp-json\/wp\/v2\/posts"}],"about":[{"href":"https:\/\/www.todoeldia.com\/index.php\/wp-json\/wp\/v2\/types\/post"}],"author":[{"embeddable":true,"href":"https:\/\/www.todoeldia.com\/index.php\/wp-json\/wp\/v2\/users\/2"}],"replies":[{"embeddable":true,"href":"https:\/\/www.todoeldia.com\/index.php\/wp-json\/wp\/v2\/comments?post=71835"}],"version-history":[{"count":1,"href":"https:\/\/www.todoeldia.com\/index.php\/wp-json\/wp\/v2\/posts\/71835\/revisions"}],"predecessor-version":[{"id":71837,"href":"https:\/\/www.todoeldia.com\/index.php\/wp-json\/wp\/v2\/posts\/71835\/revisions\/71837"}],"wp:featuredmedia":[{"embeddable":true,"href":"https:\/\/www.todoeldia.com\/index.php\/wp-json\/wp\/v2\/media\/71836"}],"wp:attachment":[{"href":"https:\/\/www.todoeldia.com\/index.php\/wp-json\/wp\/v2\/media?parent=71835"}],"wp:term":[{"taxonomy":"category","embeddable":true,"href":"https:\/\/www.todoeldia.com\/index.php\/wp-json\/wp\/v2\/categories?post=71835"},{"taxonomy":"post_tag","embeddable":true,"href":"https:\/\/www.todoeldia.com\/index.php\/wp-json\/wp\/v2\/tags?post=71835"}],"curies":[{"name":"wp","href":"https:\/\/api.w.org\/{rel}","templated":true}]}}