{"id":71845,"date":"2024-01-24T11:00:25","date_gmt":"2024-01-24T14:00:25","guid":{"rendered":"https:\/\/www.todoeldia.com\/?p=71845"},"modified":"2024-01-24T11:00:26","modified_gmt":"2024-01-24T14:00:26","slug":"mal-nacido-ataco-a-un-perro-con-un-machete-en-cerrillos","status":"publish","type":"post","link":"https:\/\/www.todoeldia.com\/index.php\/2024\/01\/24\/mal-nacido-ataco-a-un-perro-con-un-machete-en-cerrillos\/","title":{"rendered":"\u00a1Mal nacido! Ataco a un perro con un machete en Cerrillos"},"content":{"rendered":"\n<p>Un hecho cruel y aberrante: d\u00edas atr\u00e1s, un sujeto lesion\u00f3 severamente a un perro con un machete en una zona rural de Cerrillos. Esta ma\u00f1ana, la fiscal\u00eda penal lo imput\u00f3 por maltrato animal en virtud de la ley 14.346.<\/p>\n\n\n\n<p>El fiscal penal Daniel Alejandro Escalante, interino en la Fiscal\u00eda Penal de Cerrillos en feria, imput\u00f3 de forma provisional a un hombre de 52 a\u00f1os como autor del delito de malos tratos a los animales previsto y reprimido por La Ley 14.346 Arts 1\u00ba del C.P., en calidad de AUTOR (Art. 45 del C.P.).<\/p>\n\n\n\n<p>El acusado habr\u00eda sido visto por una vecina mientras agred\u00eda cobardemente a machetazos al perro, que se encontraba atado y no pod\u00eda huir. Las lesiones cortantes, algunas de profundidad, se produjeron en el lomo del animal y fueron atendidas en una veterinaria de la zona.<\/p>\n\n\n\n<p><\/p>\n\n\n\n<figure class=\"wp-block-video\"><video height=\"640\" style=\"aspect-ratio: 350 \/ 640;\" width=\"350\" controls src=\"https:\/\/www.todoeldia.com\/wp-content\/uploads\/2024\/01\/perro-herido-con-machete.mp4.mp4\"><\/video><\/figure>\n\n\n\n<p>Todo ocurri\u00f3 el pasado viernes por la tarde sobre ruta nacional 68 a la altura del kil\u00f3metro 175, en la zona rural de Cerrillos. La vecina denunci\u00f3 que adem\u00e1s de agredirlo, el hombre habr\u00eda amenazado con \u00abmatar al perro\u00bb.<\/p>\n\n\n\n<p>Durante la audiencia de imputaci\u00f3n, el acusado prest\u00f3 declaraci\u00f3n, dando su versi\u00f3n de lo sucedido.<\/p>\n\n\n\n<p>La Llave del Portal<\/p>\n","protected":false},"excerpt":{"rendered":"<p>Un hecho cruel y aberrante: d\u00edas atr\u00e1s, un sujeto lesion\u00f3 severamente a un perro con un machete en una zona rural de Cerrillos. Esta ma\u00f1ana, la fiscal\u00eda penal lo imput\u00f3 por maltrato animal en virtud de la ley 14.346. El fiscal penal Daniel Alejandro Escalante, interino en la Fiscal\u00eda Penal de Cerrillos en feria, imput\u00f3 [&hellip;]<\/p>\n","protected":false},"author":2,"featured_media":71848,"comment_status":"open","ping_status":"open","sticky":false,"template":"","format":"standard","meta":{"tdm_status":"","tdm_grid_status":"","_joinchat":[],"footnotes":""},"categories":[63],"tags":[],"class_list":{"0":"post-71845","1":"post","2":"type-post","3":"status-publish","4":"format-standard","5":"has-post-thumbnail","7":"category-policiales"},"amp_enabled":true,"_links":{"self":[{"href":"https:\/\/www.todoeldia.com\/index.php\/wp-json\/wp\/v2\/posts\/71845","targetHints":{"allow":["GET"]}}],"collection":[{"href":"https:\/\/www.todoeldia.com\/index.php\/wp-json\/wp\/v2\/posts"}],"about":[{"href":"https:\/\/www.todoeldia.com\/index.php\/wp-json\/wp\/v2\/types\/post"}],"author":[{"embeddable":true,"href":"https:\/\/www.todoeldia.com\/index.php\/wp-json\/wp\/v2\/users\/2"}],"replies":[{"embeddable":true,"href":"https:\/\/www.todoeldia.com\/index.php\/wp-json\/wp\/v2\/comments?post=71845"}],"version-history":[{"count":1,"href":"https:\/\/www.todoeldia.com\/index.php\/wp-json\/wp\/v2\/posts\/71845\/revisions"}],"predecessor-version":[{"id":71849,"href":"https:\/\/www.todoeldia.com\/index.php\/wp-json\/wp\/v2\/posts\/71845\/revisions\/71849"}],"wp:featuredmedia":[{"embeddable":true,"href":"https:\/\/www.todoeldia.com\/index.php\/wp-json\/wp\/v2\/media\/71848"}],"wp:attachment":[{"href":"https:\/\/www.todoeldia.com\/index.php\/wp-json\/wp\/v2\/media?parent=71845"}],"wp:term":[{"taxonomy":"category","embeddable":true,"href":"https:\/\/www.todoeldia.com\/index.php\/wp-json\/wp\/v2\/categories?post=71845"},{"taxonomy":"post_tag","embeddable":true,"href":"https:\/\/www.todoeldia.com\/index.php\/wp-json\/wp\/v2\/tags?post=71845"}],"curies":[{"name":"wp","href":"https:\/\/api.w.org\/{rel}","templated":true}]}}