{"id":71850,"date":"2024-01-24T14:20:08","date_gmt":"2024-01-24T17:20:08","guid":{"rendered":"https:\/\/www.todoeldia.com\/?p=71850"},"modified":"2024-01-24T14:20:09","modified_gmt":"2024-01-24T17:20:09","slug":"secuestran-en-salta-dos-autos-robados-uno-de-ellos-en-santa-fe","status":"publish","type":"post","link":"https:\/\/www.todoeldia.com\/index.php\/2024\/01\/24\/secuestran-en-salta-dos-autos-robados-uno-de-ellos-en-santa-fe\/","title":{"rendered":"Secuestran en Salta dos autos robados, uno de ellos en Santa F\u00e9"},"content":{"rendered":"\n<p>Efectivos de la Polic\u00eda Vial recuperaron dos autom\u00f3viles con pedido de secuestro, uno de ellos desde la provincia de Santa Fe.<\/p>\n\n\n\n<p>Ayer, alrededor de las 20:00, mientras personal circulaba por la zona de macrocentro, detuvieron la marcha de un veh\u00edculo que reun\u00eda id\u00e9nticas caracter\u00edsticas a las de un rodado recomendado, conducido por un hombre mayor de edad.\u00a0\u00a0\u00a0\u00a0\u00a0\u00a0\u00a0<\/p>\n\n\n\n<p>Al realizar la verificaci\u00f3n f\u00edsica, se constat\u00f3 que ten\u00eda pedido de secuestro vigente desde la provincia de Santa Fe, del a\u00f1o 2023, presentando el conductor documentaci\u00f3n, donde figuraba como titular una mujer, con domicilio en la ciudad de Buenos Aires.<\/p>\n\n\n\n<figure class=\"wp-block-image size-large\"><img loading=\"lazy\" decoding=\"async\" width=\"1024\" height=\"576\" src=\"https:\/\/www.todoeldia.com\/wp-content\/uploads\/2024\/01\/image-128-1024x576.png\" alt=\"\" class=\"wp-image-71852\" srcset=\"https:\/\/www.todoeldia.com\/wp-content\/uploads\/2024\/01\/image-128-1024x576.png 1024w, https:\/\/www.todoeldia.com\/wp-content\/uploads\/2024\/01\/image-128-300x169.png 300w, https:\/\/www.todoeldia.com\/wp-content\/uploads\/2024\/01\/image-128-768x432.png 768w, https:\/\/www.todoeldia.com\/wp-content\/uploads\/2024\/01\/image-128-696x392.png 696w, https:\/\/www.todoeldia.com\/wp-content\/uploads\/2024\/01\/image-128-1068x601.png 1068w, https:\/\/www.todoeldia.com\/wp-content\/uploads\/2024\/01\/image-128-747x420.png 747w, https:\/\/www.todoeldia.com\/wp-content\/uploads\/2024\/01\/image-128.png 1280w\" sizes=\"auto, (max-width: 1024px) 100vw, 1024px\" \/><\/figure>\n\n\n\n<p>En este mismo sentido, pasadas las 21:00 horas, en Avenida Bicentenario y Pasaje Sola, detectaron otro autom\u00f3vil con caracter\u00edsticas recomendadas.&nbsp; Al entrevistar al conductor, de 32 a\u00f1os, no pudo acreditar la propiedad del rodado, por lo que tras consultar el estado del dominio constataron que pose\u00eda pedido de secuestro.<\/p>\n\n\n\n<p>Ante esta situaci\u00f3n, los choferes y ambos rodados, fueron puestos a disposici\u00f3n de la Justicia.<\/p>\n","protected":false},"excerpt":{"rendered":"<p>Efectivos de la Polic\u00eda Vial recuperaron dos autom\u00f3viles con pedido de secuestro, uno de ellos desde la provincia de Santa Fe. Ayer, alrededor de las 20:00, mientras personal circulaba por la zona de macrocentro, detuvieron la marcha de un veh\u00edculo que reun\u00eda id\u00e9nticas caracter\u00edsticas a las de un rodado recomendado, conducido por un hombre mayor [&hellip;]<\/p>\n","protected":false},"author":2,"featured_media":71851,"comment_status":"open","ping_status":"open","sticky":false,"template":"","format":"standard","meta":{"tdm_status":"","tdm_grid_status":"","_joinchat":[],"footnotes":""},"categories":[63],"tags":[],"class_list":{"0":"post-71850","1":"post","2":"type-post","3":"status-publish","4":"format-standard","5":"has-post-thumbnail","7":"category-policiales"},"amp_enabled":true,"_links":{"self":[{"href":"https:\/\/www.todoeldia.com\/index.php\/wp-json\/wp\/v2\/posts\/71850","targetHints":{"allow":["GET"]}}],"collection":[{"href":"https:\/\/www.todoeldia.com\/index.php\/wp-json\/wp\/v2\/posts"}],"about":[{"href":"https:\/\/www.todoeldia.com\/index.php\/wp-json\/wp\/v2\/types\/post"}],"author":[{"embeddable":true,"href":"https:\/\/www.todoeldia.com\/index.php\/wp-json\/wp\/v2\/users\/2"}],"replies":[{"embeddable":true,"href":"https:\/\/www.todoeldia.com\/index.php\/wp-json\/wp\/v2\/comments?post=71850"}],"version-history":[{"count":1,"href":"https:\/\/www.todoeldia.com\/index.php\/wp-json\/wp\/v2\/posts\/71850\/revisions"}],"predecessor-version":[{"id":71853,"href":"https:\/\/www.todoeldia.com\/index.php\/wp-json\/wp\/v2\/posts\/71850\/revisions\/71853"}],"wp:featuredmedia":[{"embeddable":true,"href":"https:\/\/www.todoeldia.com\/index.php\/wp-json\/wp\/v2\/media\/71851"}],"wp:attachment":[{"href":"https:\/\/www.todoeldia.com\/index.php\/wp-json\/wp\/v2\/media?parent=71850"}],"wp:term":[{"taxonomy":"category","embeddable":true,"href":"https:\/\/www.todoeldia.com\/index.php\/wp-json\/wp\/v2\/categories?post=71850"},{"taxonomy":"post_tag","embeddable":true,"href":"https:\/\/www.todoeldia.com\/index.php\/wp-json\/wp\/v2\/tags?post=71850"}],"curies":[{"name":"wp","href":"https:\/\/api.w.org\/{rel}","templated":true}]}}