{"id":71862,"date":"2024-01-24T14:40:34","date_gmt":"2024-01-24T17:40:34","guid":{"rendered":"https:\/\/www.todoeldia.com\/?p=71862"},"modified":"2024-01-24T14:40:34","modified_gmt":"2024-01-24T17:40:34","slug":"lionel-scaloni-confirmo-que-seguira-como-entrenador-de-la-seleccion-argentina-no-era-una-despedida","status":"publish","type":"post","link":"https:\/\/www.todoeldia.com\/index.php\/2024\/01\/24\/lionel-scaloni-confirmo-que-seguira-como-entrenador-de-la-seleccion-argentina-no-era-una-despedida\/","title":{"rendered":"Lionel Scaloni confirm\u00f3 que seguir\u00e1 como entrenador de la selecci\u00f3n argentina: \u201cNo era una despedida\u201d"},"content":{"rendered":"\n<p>\u201cFue un momento de reflexi\u00f3n\u201d, aclar\u00f3 el DT de la Albiceleste tras haber puesto en duda su continuidad en el puesto.<\/p>\n\n\n\n<p>En noviembre del a\u00f1o pasado, tras la hist\u00f3rica victoria sobre Brasil en las Eliminatorias, Lionel Scaloni lanz\u00f3 una declaraci\u00f3n sobre su continuidad en la selecci\u00f3n argentina que plante\u00f3 una enorme preocupaci\u00f3n que parece haberse terminado durante las \u00faltimas horas luego de la frase que expres\u00f3 durante una entrevista en la televisi\u00f3n italiana.<\/p>\n\n\n\n<p>\u201cSiempre he dicho la verdad. Ha habido momentos para pensar qu\u00e9 hacer. No era una despedida, era pensar en c\u00f3mo seguir con la Selecci\u00f3n, dar espacio a los j\u00f3venes. Fue un momento de reflexi\u00f3n\u201d, asegur\u00f3 en una nota con la cadena Sky Sport. \u201cAgradezco a los italianos, s\u00e9 que Argentina era la selecci\u00f3n a la que alentaban, lo mismo pasa con los argentinos. Un a\u00f1o despu\u00e9s siento una gran alegr\u00eda, sobre todo cuando estoy en Argentina y sigo viendo a la gente c\u00f3mo es. Ver al pa\u00eds tan feliz en un momento dif\u00edcil como el que estamos viviendo fue algo espectacular. Ahora hay que seguir\u201d, insisti\u00f3 sobre su carrera.<\/p>\n","protected":false},"excerpt":{"rendered":"<p>\u201cFue un momento de reflexi\u00f3n\u201d, aclar\u00f3 el DT de la Albiceleste tras haber puesto en duda su continuidad en el puesto. En noviembre del a\u00f1o pasado, tras la hist\u00f3rica victoria sobre Brasil en las Eliminatorias, Lionel Scaloni lanz\u00f3 una declaraci\u00f3n sobre su continuidad en la selecci\u00f3n argentina que plante\u00f3 una enorme preocupaci\u00f3n que parece haberse [&hellip;]<\/p>\n","protected":false},"author":2,"featured_media":65953,"comment_status":"open","ping_status":"open","sticky":false,"template":"","format":"standard","meta":{"tdm_status":"","tdm_grid_status":"","_joinchat":[],"footnotes":""},"categories":[62],"tags":[],"class_list":{"0":"post-71862","1":"post","2":"type-post","3":"status-publish","4":"format-standard","5":"has-post-thumbnail","7":"category-deportes"},"amp_enabled":true,"_links":{"self":[{"href":"https:\/\/www.todoeldia.com\/index.php\/wp-json\/wp\/v2\/posts\/71862","targetHints":{"allow":["GET"]}}],"collection":[{"href":"https:\/\/www.todoeldia.com\/index.php\/wp-json\/wp\/v2\/posts"}],"about":[{"href":"https:\/\/www.todoeldia.com\/index.php\/wp-json\/wp\/v2\/types\/post"}],"author":[{"embeddable":true,"href":"https:\/\/www.todoeldia.com\/index.php\/wp-json\/wp\/v2\/users\/2"}],"replies":[{"embeddable":true,"href":"https:\/\/www.todoeldia.com\/index.php\/wp-json\/wp\/v2\/comments?post=71862"}],"version-history":[{"count":1,"href":"https:\/\/www.todoeldia.com\/index.php\/wp-json\/wp\/v2\/posts\/71862\/revisions"}],"predecessor-version":[{"id":71863,"href":"https:\/\/www.todoeldia.com\/index.php\/wp-json\/wp\/v2\/posts\/71862\/revisions\/71863"}],"wp:featuredmedia":[{"embeddable":true,"href":"https:\/\/www.todoeldia.com\/index.php\/wp-json\/wp\/v2\/media\/65953"}],"wp:attachment":[{"href":"https:\/\/www.todoeldia.com\/index.php\/wp-json\/wp\/v2\/media?parent=71862"}],"wp:term":[{"taxonomy":"category","embeddable":true,"href":"https:\/\/www.todoeldia.com\/index.php\/wp-json\/wp\/v2\/categories?post=71862"},{"taxonomy":"post_tag","embeddable":true,"href":"https:\/\/www.todoeldia.com\/index.php\/wp-json\/wp\/v2\/tags?post=71862"}],"curies":[{"name":"wp","href":"https:\/\/api.w.org\/{rel}","templated":true}]}}