{"id":71866,"date":"2024-01-24T22:08:38","date_gmt":"2024-01-25T01:08:38","guid":{"rendered":"https:\/\/www.todoeldia.com\/?p=71866"},"modified":"2024-01-24T22:08:39","modified_gmt":"2024-01-25T01:08:39","slug":"fuerte-cruce-entre-facundo-y-pablo-moyano-por-el-rol-de-la-cgt","status":"publish","type":"post","link":"https:\/\/www.todoeldia.com\/index.php\/2024\/01\/24\/fuerte-cruce-entre-facundo-y-pablo-moyano-por-el-rol-de-la-cgt\/","title":{"rendered":"Fuerte cruce entre Facundo y Pablo Moyano por el rol de la CGT"},"content":{"rendered":"\n<p>El secretario del Sindicato de Peajes cuestion\u00f3 que el paro no se hubiera hecho hace dos a\u00f1os.<\/p>\n\n\n\n<p>El secretario general del gremio de Peajes, Facundo Moyano, cruz\u00f3 a la CGT y critic\u00f3 el paro general que se desarrolla en la jornada de este mi\u00e9rcoles 24 de enero al subrayar que tendr\u00eda que haberse hecho hace dos a\u00f1os.<\/p>\n\n\n\n<p>Facundo Moyano dispar\u00f3 contra la Confederaci\u00f3n General del Trabajo y pidi\u00f3 \u201cautocr\u00edtica\u201d y que el peronismo est\u00e9 a la altura de las circunstancias.<\/p>\n\n\n\n<p>En respuesta, su hermano mayor y cotitular de la CGT, Pablo Moyano, ironiz\u00f3: &#8220;De la far\u00e1ndula no opino&#8221;.<\/p>\n\n\n\n<p>El ex diputado por el Frente de Todos tambi\u00e9n manifest\u00f3: \u201cTodo paro es pol\u00edtico. Lo que digo es que si este paro era hace dos a\u00f1os, la situaci\u00f3n de los trabajadores era otra\u201d.<\/p>\n\n\n\n<p>En declaraciones radiales, uno de los Moyano se diferenci\u00f3 y remarc\u00f3: \u201cNo es que lo digo ahora, lo dije cuando me fui de un no-proyecto. Tengo clar\u00edsimo que no hubo nunca un proyecto por parte del peronismo\u201d.<\/p>\n\n\n\n<p>\u201cMuchos dirigentes hacen de la lucha una industria. Hay que organizar a la sociedad a trav\u00e9s del eje del trabajo. Tenemos que discutir el sistema laboral\u201d, sentenci\u00f3.<\/p>\n\n\n\n<p>Adem\u00e1s, carg\u00f3 contra Alberto Fern\u00e1ndez y su mala gesti\u00f3n: &#8220;Haberle ganado a Venezuela en inflaci\u00f3n es responsabilidad del gobierno anterior&#8221;.<\/p>\n","protected":false},"excerpt":{"rendered":"<p>El secretario del Sindicato de Peajes cuestion\u00f3 que el paro no se hubiera hecho hace dos a\u00f1os. El secretario general del gremio de Peajes, Facundo Moyano, cruz\u00f3 a la CGT y critic\u00f3 el paro general que se desarrolla en la jornada de este mi\u00e9rcoles 24 de enero al subrayar que tendr\u00eda que haberse hecho hace [&hellip;]<\/p>\n","protected":false},"author":2,"featured_media":26359,"comment_status":"open","ping_status":"open","sticky":false,"template":"","format":"standard","meta":{"tdm_status":"","tdm_grid_status":"","_joinchat":[],"footnotes":""},"categories":[59],"tags":[],"class_list":{"0":"post-71866","1":"post","2":"type-post","3":"status-publish","4":"format-standard","5":"has-post-thumbnail","7":"category-politica"},"amp_enabled":true,"_links":{"self":[{"href":"https:\/\/www.todoeldia.com\/index.php\/wp-json\/wp\/v2\/posts\/71866","targetHints":{"allow":["GET"]}}],"collection":[{"href":"https:\/\/www.todoeldia.com\/index.php\/wp-json\/wp\/v2\/posts"}],"about":[{"href":"https:\/\/www.todoeldia.com\/index.php\/wp-json\/wp\/v2\/types\/post"}],"author":[{"embeddable":true,"href":"https:\/\/www.todoeldia.com\/index.php\/wp-json\/wp\/v2\/users\/2"}],"replies":[{"embeddable":true,"href":"https:\/\/www.todoeldia.com\/index.php\/wp-json\/wp\/v2\/comments?post=71866"}],"version-history":[{"count":1,"href":"https:\/\/www.todoeldia.com\/index.php\/wp-json\/wp\/v2\/posts\/71866\/revisions"}],"predecessor-version":[{"id":71867,"href":"https:\/\/www.todoeldia.com\/index.php\/wp-json\/wp\/v2\/posts\/71866\/revisions\/71867"}],"wp:featuredmedia":[{"embeddable":true,"href":"https:\/\/www.todoeldia.com\/index.php\/wp-json\/wp\/v2\/media\/26359"}],"wp:attachment":[{"href":"https:\/\/www.todoeldia.com\/index.php\/wp-json\/wp\/v2\/media?parent=71866"}],"wp:term":[{"taxonomy":"category","embeddable":true,"href":"https:\/\/www.todoeldia.com\/index.php\/wp-json\/wp\/v2\/categories?post=71866"},{"taxonomy":"post_tag","embeddable":true,"href":"https:\/\/www.todoeldia.com\/index.php\/wp-json\/wp\/v2\/tags?post=71866"}],"curies":[{"name":"wp","href":"https:\/\/api.w.org\/{rel}","templated":true}]}}