{"id":71868,"date":"2024-01-24T23:28:21","date_gmt":"2024-01-25T02:28:21","guid":{"rendered":"https:\/\/www.todoeldia.com\/?p=71868"},"modified":"2024-01-24T23:28:21","modified_gmt":"2024-01-25T02:28:21","slug":"denunciaron-a-pablo-moyano-por-haber-dicho-que-habia-que-tirar-al-riachuelo-al-ministro-luis-caputo","status":"publish","type":"post","link":"https:\/\/www.todoeldia.com\/index.php\/2024\/01\/24\/denunciaron-a-pablo-moyano-por-haber-dicho-que-habia-que-tirar-al-riachuelo-al-ministro-luis-caputo\/","title":{"rendered":"Denunciaron a Pablo Moyano por haber dicho que hab\u00eda que tirar al Riachuelo al ministro Luis Caputo"},"content":{"rendered":"\n<p>La denuncia contra el l\u00edder sindical es por incitaci\u00f3n a la violencia y amenaza de muerte contra el titular de la cartera econ\u00f3mica.<\/p>\n\n\n\n<p>\u201cSi (el ministro de Econom\u00eda Luis \u2018Toto\u2019) Caputo lleva adelante estas medidas, los trabajadores lo van a tirar al Riachuelo\u201d, dijo esta tarde el l\u00edder camionero Pablo Moyano durante el acto de cierre por el paro de la CGT. Sus palabras no tardaron en generar una acusaci\u00f3n penal. El abogado Jorge Monastersky radic\u00f3 una denuncia contra el jefe sindical por \u201cincitaci\u00f3n a la violencia y amenaza de muerte\u201d.<\/p>\n\n\n\n<p>El lunes pasado, Monastersky tambi\u00e9n denunci\u00f3 al ex secretario de Medios del kirchnerismo, Enrique \u201cPepe\u201d Albistur\u201d, luego de haber hablado de una hipot\u00e9tica ca\u00edda del Gobierno nacional \u201cen marzo o en abril\u201d. \u201cComo les dije, compa\u00f1eros, es tiempo de calma, de reflexi\u00f3n y sobre todo de pochoclo, no nos quedemos sin pochoclo. Esto es Semana Santa, no sabemos si cae en marzo o en abril\u201d, pronostic\u00f3 Albistur, sentado de espaldas al mar en una playa de la localidad de Caril\u00f3. El caso fue sorteado en Comodoro Py y recay\u00f3 en la jueza Mar\u00eda Eugenia Capuchetti<\/p>\n\n\n\n<p>Ahora, fueron las palabras de Moyano las que generaron otra denuncia. Esta tarde, durante la movilizaci\u00f3n de la CGT en una jornada de paro nacional por las pol\u00edticas econ\u00f3micas del gobierno de Milei, el l\u00edder camionero asegur\u00f3 frente a los manifestantes: \u201cHace pocos d\u00edas el Presidente, de forma risue\u00f1a con un periodista, ri\u00e9ndose, dec\u00eda que, al Ministro de Econom\u00eda, por las medidas que estaba tomando, hay que llevarlo en andas. El mismo ministro de Econom\u00eda, que fue socio de Macri, que fug\u00f3 45.000 millones de d\u00f3lares, que tendr\u00eda que estar desfilando por los tribunales dando explicaci\u00f3n. Yo le digo que, si lleva estas medidas econ\u00f3micas de ajuste, de hambre, de despido, los trabajadores, los jubilados y los m\u00e1s humildes lo van a llevar en andas al ministro de Econom\u00eda, pero para tirarlo al riachuelo\u201d.<\/p>\n","protected":false},"excerpt":{"rendered":"<p>La denuncia contra el l\u00edder sindical es por incitaci\u00f3n a la violencia y amenaza de muerte contra el titular de la cartera econ\u00f3mica. \u201cSi (el ministro de Econom\u00eda Luis \u2018Toto\u2019) Caputo lleva adelante estas medidas, los trabajadores lo van a tirar al Riachuelo\u201d, dijo esta tarde el l\u00edder camionero Pablo Moyano durante el acto de [&hellip;]<\/p>\n","protected":false},"author":2,"featured_media":71869,"comment_status":"open","ping_status":"open","sticky":false,"template":"","format":"standard","meta":{"tdm_status":"","tdm_grid_status":"","_joinchat":[],"footnotes":""},"categories":[63],"tags":[],"class_list":{"0":"post-71868","1":"post","2":"type-post","3":"status-publish","4":"format-standard","5":"has-post-thumbnail","7":"category-policiales"},"amp_enabled":true,"_links":{"self":[{"href":"https:\/\/www.todoeldia.com\/index.php\/wp-json\/wp\/v2\/posts\/71868","targetHints":{"allow":["GET"]}}],"collection":[{"href":"https:\/\/www.todoeldia.com\/index.php\/wp-json\/wp\/v2\/posts"}],"about":[{"href":"https:\/\/www.todoeldia.com\/index.php\/wp-json\/wp\/v2\/types\/post"}],"author":[{"embeddable":true,"href":"https:\/\/www.todoeldia.com\/index.php\/wp-json\/wp\/v2\/users\/2"}],"replies":[{"embeddable":true,"href":"https:\/\/www.todoeldia.com\/index.php\/wp-json\/wp\/v2\/comments?post=71868"}],"version-history":[{"count":1,"href":"https:\/\/www.todoeldia.com\/index.php\/wp-json\/wp\/v2\/posts\/71868\/revisions"}],"predecessor-version":[{"id":71870,"href":"https:\/\/www.todoeldia.com\/index.php\/wp-json\/wp\/v2\/posts\/71868\/revisions\/71870"}],"wp:featuredmedia":[{"embeddable":true,"href":"https:\/\/www.todoeldia.com\/index.php\/wp-json\/wp\/v2\/media\/71869"}],"wp:attachment":[{"href":"https:\/\/www.todoeldia.com\/index.php\/wp-json\/wp\/v2\/media?parent=71868"}],"wp:term":[{"taxonomy":"category","embeddable":true,"href":"https:\/\/www.todoeldia.com\/index.php\/wp-json\/wp\/v2\/categories?post=71868"},{"taxonomy":"post_tag","embeddable":true,"href":"https:\/\/www.todoeldia.com\/index.php\/wp-json\/wp\/v2\/tags?post=71868"}],"curies":[{"name":"wp","href":"https:\/\/api.w.org\/{rel}","templated":true}]}}