{"id":71888,"date":"2024-01-25T09:26:00","date_gmt":"2024-01-25T12:26:00","guid":{"rendered":"https:\/\/www.todoeldia.com\/?p=71888"},"modified":"2024-01-25T09:26:01","modified_gmt":"2024-01-25T12:26:01","slug":"por-el-crimen-del-bagayero-de-oran-en-santiago-piden-la-captura-de-ezequiel-rojas","status":"publish","type":"post","link":"https:\/\/www.todoeldia.com\/index.php\/2024\/01\/25\/por-el-crimen-del-bagayero-de-oran-en-santiago-piden-la-captura-de-ezequiel-rojas\/","title":{"rendered":"Por el crimen del bagayero de Or\u00e1n en Santiago piden la captura de Ezequiel Rojas"},"content":{"rendered":"\n<p>Ezequiel Rojas es la persona se\u00f1alada como \u201camigo\u201d y \u201csocio\u201d de Nelson Gabriel Aramayo, el bagayero oriundo de San Ram\u00f3n de la Nueva Or\u00e1n cuyo cuerpo fue hallado en Santiago del Estero el 31 de diciembre de 2023. Rojas fue identificado como el propietario del veh\u00edculo en el cual aparentemente se transport\u00f3 a Aramayo.<\/p>\n\n\n\n<figure class=\"wp-block-image size-full is-resized\"><img loading=\"lazy\" decoding=\"async\" width=\"1024\" height=\"576\" src=\"https:\/\/www.todoeldia.com\/wp-content\/uploads\/2024\/01\/image-130.png\" alt=\"\" class=\"wp-image-71891\" style=\"width:1068px;height:auto\" srcset=\"https:\/\/www.todoeldia.com\/wp-content\/uploads\/2024\/01\/image-130.png 1024w, https:\/\/www.todoeldia.com\/wp-content\/uploads\/2024\/01\/image-130-300x169.png 300w, https:\/\/www.todoeldia.com\/wp-content\/uploads\/2024\/01\/image-130-768x432.png 768w, https:\/\/www.todoeldia.com\/wp-content\/uploads\/2024\/01\/image-130-696x392.png 696w, https:\/\/www.todoeldia.com\/wp-content\/uploads\/2024\/01\/image-130-747x420.png 747w\" sizes=\"auto, (max-width: 1024px) 100vw, 1024px\" \/><\/figure>\n\n\n\n<p>La justicia santiague\u00f1a pidi\u00f3 la captura nacional e internacional para el \u201csocio\u201d cordob\u00e9s de Aramayo, medida tomada tras el secuestro del autom\u00f3vil Volkswagen Vento; al comprobar que el auto estuvo tres horas en Santiago del Estero en los d\u00edas previos al hallazgo del cad\u00e1ver del bagayero a la vera de la Ruta Nacional 9 (entre El Cerrito y El 49), inform\u00f3 el diario El Liberal. El veh\u00edculo, a su vez, fue secuestrado hace 10 d\u00edas. La investigaci\u00f3n comprob\u00f3 con el registro de planilla del puesto caminero de Ojo de Agua su salida de Santiago hacia C\u00f3rdoba, identificando a Rojas al mando junto a un acompa\u00f1ante.<\/p>\n\n\n\n<figure class=\"wp-block-image size-full is-resized\"><img loading=\"lazy\" decoding=\"async\" width=\"512\" height=\"288\" src=\"https:\/\/www.todoeldia.com\/wp-content\/uploads\/2024\/01\/image-129.png\" alt=\"\" class=\"wp-image-71890\" style=\"width:1068px;height:auto\" srcset=\"https:\/\/www.todoeldia.com\/wp-content\/uploads\/2024\/01\/image-129.png 512w, https:\/\/www.todoeldia.com\/wp-content\/uploads\/2024\/01\/image-129-300x169.png 300w\" sizes=\"auto, (max-width: 512px) 100vw, 512px\" \/><\/figure>\n\n\n\n<p>Avanzadas las averiguaciones y con orden de las \u00e1reas de Justicia de Control y Garant\u00eda, requisaron tres viviendas en C\u00f3rdoba Capital para detener a Rojas, pero \u00e9ste se encuentra pr\u00f3fugo y, por lo tanto, se solicit\u00f3 pedido de captura. La causa, hasta ahora, no registra detenidos. La investigaci\u00f3n apunta cada vez con m\u00e1s fuerza al narcotr\u00e1fico, tomando como antecedente el que Aramayo transportaba mercader\u00eda aparentemente ilegal, de Bolivia a Or\u00e1n (a trav\u00e9s del r\u00edo Bermejo) y desde all\u00ed, por tierra a Salta Capital; punto desde el cual se llevaba a la ciudad de C\u00f3rdoba.<\/p>\n\n\n\n<p>En esta provincia se hospedaba en la casa de Rojas, parada previa al viaje que realizaban ambos a Buenos Aires, donde finalmente entregaban la mercader\u00eda. Establecida la rutina de viaje, la Dra. Carla Le\u00f3n (fiscal penal a cargo) determin\u00f3 que Criminal\u00edstica y Polic\u00eda Cient\u00edfica analicen el rodado para hallar pistas sobre Aramayo en su interior, a fin de corroborar o descartar la teor\u00eda que establece su traslado desde C\u00f3rdoba a Santiago, donde arrojaron su cuerpo. Los peritos forenses se\u00f1alaron que, adem\u00e1s de haber recibido cinco disparos en la cabeza, tambi\u00e9n fue golpeado violentamente en las horas que antecedieron a su deceso.<\/p>\n","protected":false},"excerpt":{"rendered":"<p>Ezequiel Rojas es la persona se\u00f1alada como \u201camigo\u201d y \u201csocio\u201d de Nelson Gabriel Aramayo, el bagayero oriundo de San Ram\u00f3n de la Nueva Or\u00e1n cuyo cuerpo fue hallado en Santiago del Estero el 31 de diciembre de 2023. Rojas fue identificado como el propietario del veh\u00edculo en el cual aparentemente se transport\u00f3 a Aramayo. La [&hellip;]<\/p>\n","protected":false},"author":2,"featured_media":71889,"comment_status":"open","ping_status":"open","sticky":false,"template":"","format":"standard","meta":{"tdm_status":"","tdm_grid_status":"","_joinchat":[],"footnotes":""},"categories":[63],"tags":[],"class_list":{"0":"post-71888","1":"post","2":"type-post","3":"status-publish","4":"format-standard","5":"has-post-thumbnail","7":"category-policiales"},"amp_enabled":true,"_links":{"self":[{"href":"https:\/\/www.todoeldia.com\/index.php\/wp-json\/wp\/v2\/posts\/71888","targetHints":{"allow":["GET"]}}],"collection":[{"href":"https:\/\/www.todoeldia.com\/index.php\/wp-json\/wp\/v2\/posts"}],"about":[{"href":"https:\/\/www.todoeldia.com\/index.php\/wp-json\/wp\/v2\/types\/post"}],"author":[{"embeddable":true,"href":"https:\/\/www.todoeldia.com\/index.php\/wp-json\/wp\/v2\/users\/2"}],"replies":[{"embeddable":true,"href":"https:\/\/www.todoeldia.com\/index.php\/wp-json\/wp\/v2\/comments?post=71888"}],"version-history":[{"count":1,"href":"https:\/\/www.todoeldia.com\/index.php\/wp-json\/wp\/v2\/posts\/71888\/revisions"}],"predecessor-version":[{"id":71892,"href":"https:\/\/www.todoeldia.com\/index.php\/wp-json\/wp\/v2\/posts\/71888\/revisions\/71892"}],"wp:featuredmedia":[{"embeddable":true,"href":"https:\/\/www.todoeldia.com\/index.php\/wp-json\/wp\/v2\/media\/71889"}],"wp:attachment":[{"href":"https:\/\/www.todoeldia.com\/index.php\/wp-json\/wp\/v2\/media?parent=71888"}],"wp:term":[{"taxonomy":"category","embeddable":true,"href":"https:\/\/www.todoeldia.com\/index.php\/wp-json\/wp\/v2\/categories?post=71888"},{"taxonomy":"post_tag","embeddable":true,"href":"https:\/\/www.todoeldia.com\/index.php\/wp-json\/wp\/v2\/tags?post=71888"}],"curies":[{"name":"wp","href":"https:\/\/api.w.org\/{rel}","templated":true}]}}