{"id":71893,"date":"2024-01-25T10:30:17","date_gmt":"2024-01-25T13:30:17","guid":{"rendered":"https:\/\/www.todoeldia.com\/?p=71893"},"modified":"2024-01-25T10:30:17","modified_gmt":"2024-01-25T13:30:17","slug":"estuvo-9-anos-preso-por-violar-a-una-de-sus-hijas-salio-y-abuso-sexualmente-de-otra","status":"publish","type":"post","link":"https:\/\/www.todoeldia.com\/index.php\/2024\/01\/25\/estuvo-9-anos-preso-por-violar-a-una-de-sus-hijas-salio-y-abuso-sexualmente-de-otra\/","title":{"rendered":"Estuvo 9 a\u00f1os preso por violar a una de sus hijas, sali\u00f3 y abuso sexualmente de otra"},"content":{"rendered":"\n<p>El hombre ya hab\u00eda sido condenado a nueve a\u00f1os de prisi\u00f3n por el abuso sexual de otra de sus hijas. Al salir, y como se encontraba en sillas de ruedas, su hija de 19 a\u00f1os lo asisti\u00f3, pero en febrero de 2023 lo denunci\u00f3 por abuso.<\/p>\n\n\n\n<p>El fiscal Penal interino de la Unidad de Delitos contra la Integridad Sexual 1, Federico Gabriel Portal, representar\u00e1 al Ministerio P\u00fablico Fiscal en la audiencia debate que iniciar\u00e1 este jueves en la Sala 3 del Tribunal de Juicio del distrito Centro en contra de un hombre de 52 a\u00f1os por los delitos de abuso sexual con acceso carnal agravado por el v\u00ednculo (dos hechos) y privaci\u00f3n ileg\u00edtima de la libertad agravada.<\/p>\n\n\n\n<p>Los hechos juzgados fueron denunciados el 18 de febrero de 2023 por la hija de 19 a\u00f1os del acusado y sucedieron en la vivienda que habitaban en la localidad de Coronel Moldes.<\/p>\n\n\n\n<p>La mujer narr\u00f3 que su padre sali\u00f3 de la c\u00e1rcel tras cumplir una larga condena por abuso sexual de su hermana mayor y, como se encuentra en silla de ruedas, ella se encargaba de su atenci\u00f3n. Manifest\u00f3 que, a lo largo de los meses, en distintas ocasiones fue abusada por el hombre.<\/p>\n\n\n\n<p>Adem\u00e1s, la v\u00edctima cont\u00f3 que tem\u00eda denunciarlo porque su padre amenazaba con matar a sus sobrinas y luego acabar con su propia vida. Explic\u00f3 que lleg\u00f3 a perder su trabajo porque el hombre la manten\u00eda encerrada en la vivienda.<\/p>\n\n\n\n<p>En febrero del a\u00f1o pasado relat\u00f3 que logr\u00f3 convencer a su padre de que la dejara salir para cobrar el sueldo que le adeudaban, circunstancia que aprovech\u00f3 para escapar y radicar la denuncia.<\/p>\n\n\n\n<p>El fiscal de UDIS 1, Federico Obeid, llev\u00f3 adelante la investigaci\u00f3n, ordenando m\u00faltiples medidas a fin de corroborar los hechos denunciados. Una vez reunida las pruebas necesarias, requiri\u00f3 al Juzgado de Garant\u00edas 3 del distrito Centro que el hombre sea juzgado, instancia que tendr\u00e1 lugar desde este jueves en la Sala 3 del Tribunal de Juicio.<\/p>\n","protected":false},"excerpt":{"rendered":"<p>El hombre ya hab\u00eda sido condenado a nueve a\u00f1os de prisi\u00f3n por el abuso sexual de otra de sus hijas. Al salir, y como se encontraba en sillas de ruedas, su hija de 19 a\u00f1os lo asisti\u00f3, pero en febrero de 2023 lo denunci\u00f3 por abuso. El fiscal Penal interino de la Unidad de Delitos [&hellip;]<\/p>\n","protected":false},"author":2,"featured_media":38781,"comment_status":"open","ping_status":"open","sticky":false,"template":"","format":"standard","meta":{"tdm_status":"","tdm_grid_status":"","_joinchat":[],"footnotes":""},"categories":[63],"tags":[],"class_list":{"0":"post-71893","1":"post","2":"type-post","3":"status-publish","4":"format-standard","5":"has-post-thumbnail","7":"category-policiales"},"amp_enabled":true,"_links":{"self":[{"href":"https:\/\/www.todoeldia.com\/index.php\/wp-json\/wp\/v2\/posts\/71893","targetHints":{"allow":["GET"]}}],"collection":[{"href":"https:\/\/www.todoeldia.com\/index.php\/wp-json\/wp\/v2\/posts"}],"about":[{"href":"https:\/\/www.todoeldia.com\/index.php\/wp-json\/wp\/v2\/types\/post"}],"author":[{"embeddable":true,"href":"https:\/\/www.todoeldia.com\/index.php\/wp-json\/wp\/v2\/users\/2"}],"replies":[{"embeddable":true,"href":"https:\/\/www.todoeldia.com\/index.php\/wp-json\/wp\/v2\/comments?post=71893"}],"version-history":[{"count":1,"href":"https:\/\/www.todoeldia.com\/index.php\/wp-json\/wp\/v2\/posts\/71893\/revisions"}],"predecessor-version":[{"id":71894,"href":"https:\/\/www.todoeldia.com\/index.php\/wp-json\/wp\/v2\/posts\/71893\/revisions\/71894"}],"wp:featuredmedia":[{"embeddable":true,"href":"https:\/\/www.todoeldia.com\/index.php\/wp-json\/wp\/v2\/media\/38781"}],"wp:attachment":[{"href":"https:\/\/www.todoeldia.com\/index.php\/wp-json\/wp\/v2\/media?parent=71893"}],"wp:term":[{"taxonomy":"category","embeddable":true,"href":"https:\/\/www.todoeldia.com\/index.php\/wp-json\/wp\/v2\/categories?post=71893"},{"taxonomy":"post_tag","embeddable":true,"href":"https:\/\/www.todoeldia.com\/index.php\/wp-json\/wp\/v2\/tags?post=71893"}],"curies":[{"name":"wp","href":"https:\/\/api.w.org\/{rel}","templated":true}]}}