{"id":71895,"date":"2024-01-25T11:03:26","date_gmt":"2024-01-25T14:03:26","guid":{"rendered":"https:\/\/www.todoeldia.com\/?p=71895"},"modified":"2024-01-25T11:03:26","modified_gmt":"2024-01-25T14:03:26","slug":"detenido-por-abusar-de-una-menor-de-14-anos-en-oran","status":"publish","type":"post","link":"https:\/\/www.todoeldia.com\/index.php\/2024\/01\/25\/detenido-por-abusar-de-una-menor-de-14-anos-en-oran\/","title":{"rendered":"Detenido por abusar de una menor de 14 a\u00f1os en Or\u00e1n"},"content":{"rendered":"\n<p>Un hombre de 24 a\u00f1os fue imputado provisionalmente por el delito de abuso sexual con acceso carnal en perjuicio de una adolescente por la fiscal Penal de Violencia Familiar y de G\u00e9nero de Or\u00e1n, soledad Filtrin Cuezzo.<\/p>\n\n\n\n<p>La intervenci\u00f3n de la Fiscal\u00eda Penal inici\u00f3 a ra\u00edz de la denuncia efectuada por la madre de la menor, de 14 a\u00f1os de edad. La mujer manifest\u00f3 que su hija mantiene una relaci\u00f3n sentimental con el denunciado desde hace 3 meses y que el lunes 22 de enero, ambos se fueron de su casa hacia la vivienda del denunciado en busca de dinero.<\/p>\n\n\n\n<p>Explic\u00f3 que una vez en el lugar, su hija fue encerrada en una habitaci\u00f3n y arrojada sobre una cama, en donde fue abusada sexualmente. Precis\u00f3 que la v\u00edctima se comunic\u00f3 con ella cont\u00e1ndole lo sucedido y solicitando ayuda.<\/p>\n\n\n\n<p>La fiscal solicit\u00f3 que la adolescente fuera examinada por una m\u00e9dica del Cuerpo de Investigaciones Fiscales. La profesional de la salud, adelant\u00f3 el resultado a Filtr\u00edn Cuezzo, quien tom\u00f3 la determinaci\u00f3n de imputar provisionalmente al hombre mientras contin\u00faa con la investigaci\u00f3n.<\/p>\n","protected":false},"excerpt":{"rendered":"<p>Un hombre de 24 a\u00f1os fue imputado provisionalmente por el delito de abuso sexual con acceso carnal en perjuicio de una adolescente por la fiscal Penal de Violencia Familiar y de G\u00e9nero de Or\u00e1n, soledad Filtrin Cuezzo. La intervenci\u00f3n de la Fiscal\u00eda Penal inici\u00f3 a ra\u00edz de la denuncia efectuada por la madre de la [&hellip;]<\/p>\n","protected":false},"author":2,"featured_media":37734,"comment_status":"open","ping_status":"open","sticky":false,"template":"","format":"standard","meta":{"tdm_status":"","tdm_grid_status":"","_joinchat":[],"footnotes":""},"categories":[63],"tags":[],"class_list":{"0":"post-71895","1":"post","2":"type-post","3":"status-publish","4":"format-standard","5":"has-post-thumbnail","7":"category-policiales"},"amp_enabled":true,"_links":{"self":[{"href":"https:\/\/www.todoeldia.com\/index.php\/wp-json\/wp\/v2\/posts\/71895","targetHints":{"allow":["GET"]}}],"collection":[{"href":"https:\/\/www.todoeldia.com\/index.php\/wp-json\/wp\/v2\/posts"}],"about":[{"href":"https:\/\/www.todoeldia.com\/index.php\/wp-json\/wp\/v2\/types\/post"}],"author":[{"embeddable":true,"href":"https:\/\/www.todoeldia.com\/index.php\/wp-json\/wp\/v2\/users\/2"}],"replies":[{"embeddable":true,"href":"https:\/\/www.todoeldia.com\/index.php\/wp-json\/wp\/v2\/comments?post=71895"}],"version-history":[{"count":1,"href":"https:\/\/www.todoeldia.com\/index.php\/wp-json\/wp\/v2\/posts\/71895\/revisions"}],"predecessor-version":[{"id":71896,"href":"https:\/\/www.todoeldia.com\/index.php\/wp-json\/wp\/v2\/posts\/71895\/revisions\/71896"}],"wp:featuredmedia":[{"embeddable":true,"href":"https:\/\/www.todoeldia.com\/index.php\/wp-json\/wp\/v2\/media\/37734"}],"wp:attachment":[{"href":"https:\/\/www.todoeldia.com\/index.php\/wp-json\/wp\/v2\/media?parent=71895"}],"wp:term":[{"taxonomy":"category","embeddable":true,"href":"https:\/\/www.todoeldia.com\/index.php\/wp-json\/wp\/v2\/categories?post=71895"},{"taxonomy":"post_tag","embeddable":true,"href":"https:\/\/www.todoeldia.com\/index.php\/wp-json\/wp\/v2\/tags?post=71895"}],"curies":[{"name":"wp","href":"https:\/\/api.w.org\/{rel}","templated":true}]}}