{"id":71911,"date":"2024-01-25T13:17:31","date_gmt":"2024-01-25T16:17:31","guid":{"rendered":"https:\/\/www.todoeldia.com\/?p=71911"},"modified":"2024-01-25T13:17:31","modified_gmt":"2024-01-25T16:17:31","slug":"9-anos-a-la-carcel-por-violar-a-sus-hijastras-las-nenas-les-contaron-a-sus-docentes-que-su-madre-no-hacia-nada","status":"publish","type":"post","link":"https:\/\/www.todoeldia.com\/index.php\/2024\/01\/25\/9-anos-a-la-carcel-por-violar-a-sus-hijastras-las-nenas-les-contaron-a-sus-docentes-que-su-madre-no-hacia-nada\/","title":{"rendered":"9 a\u00f1os a la c\u00e1rcel por violar a sus hijastras: las nenas les contaron a sus docentes que su madre no hac\u00eda nada"},"content":{"rendered":"\n<p>La denuncia la radicaron desde la escuela de las menores, de 13 y 16 a\u00f1os. Ellas les contaron a sus docentes en clases de apoyo que eran abusadas sexual y psicol\u00f3gicamente por su padrastro, quien concurr\u00eda a su habitaci\u00f3n durante las noches y abusaba de ellas, amenaz\u00e1ndolas con matar a su madre si contaban algo.<\/p>\n\n\n\n<p>Una de ellas agreg\u00f3 que su mam\u00e1 sab\u00eda de lo que suced\u00eda, pero les dijo que las iba a echar de la casa si dec\u00edan algo. La otra dijo que el a\u00f1o anterior hab\u00eda quedado embarazada y la obligaron a abortar.<\/p>\n\n\n\n<p>El juez de la Sala II del Tribunal de Juicio de Met\u00e1n, Sebasti\u00e1n Fucho, conden\u00f3 en una audiencia flexible y multiprop\u00f3sito fijada por la Oficina de Gesti\u00f3n Judicial (OfiJu) de Met\u00e1n en el marco del plan piloto de oralidad, a un hombre que hab\u00eda sido denunciado por abusar de las hijas de su pareja.<\/p>\n\n\n\n<p>El hombre fue condenado a la pena de 9 a\u00f1os de prisi\u00f3n por ser autor de los delitos de abuso sexual simple agravado por la guarda y la minor\u00eda de edad reiterados; abuso sexual con acceso carnal agravado por la guarda y la minor\u00eda de edad reiterados; ambos en concurso ideal con el delito de corrupci\u00f3n de menores agravado, todo ello en concurso real.<\/p>\n","protected":false},"excerpt":{"rendered":"<p>La denuncia la radicaron desde la escuela de las menores, de 13 y 16 a\u00f1os. Ellas les contaron a sus docentes en clases de apoyo que eran abusadas sexual y psicol\u00f3gicamente por su padrastro, quien concurr\u00eda a su habitaci\u00f3n durante las noches y abusaba de ellas, amenaz\u00e1ndolas con matar a su madre si contaban algo. [&hellip;]<\/p>\n","protected":false},"author":2,"featured_media":40355,"comment_status":"open","ping_status":"open","sticky":false,"template":"","format":"standard","meta":{"tdm_status":"","tdm_grid_status":"","_joinchat":[],"footnotes":""},"categories":[63],"tags":[],"class_list":{"0":"post-71911","1":"post","2":"type-post","3":"status-publish","4":"format-standard","5":"has-post-thumbnail","7":"category-policiales"},"amp_enabled":true,"_links":{"self":[{"href":"https:\/\/www.todoeldia.com\/index.php\/wp-json\/wp\/v2\/posts\/71911","targetHints":{"allow":["GET"]}}],"collection":[{"href":"https:\/\/www.todoeldia.com\/index.php\/wp-json\/wp\/v2\/posts"}],"about":[{"href":"https:\/\/www.todoeldia.com\/index.php\/wp-json\/wp\/v2\/types\/post"}],"author":[{"embeddable":true,"href":"https:\/\/www.todoeldia.com\/index.php\/wp-json\/wp\/v2\/users\/2"}],"replies":[{"embeddable":true,"href":"https:\/\/www.todoeldia.com\/index.php\/wp-json\/wp\/v2\/comments?post=71911"}],"version-history":[{"count":1,"href":"https:\/\/www.todoeldia.com\/index.php\/wp-json\/wp\/v2\/posts\/71911\/revisions"}],"predecessor-version":[{"id":71912,"href":"https:\/\/www.todoeldia.com\/index.php\/wp-json\/wp\/v2\/posts\/71911\/revisions\/71912"}],"wp:featuredmedia":[{"embeddable":true,"href":"https:\/\/www.todoeldia.com\/index.php\/wp-json\/wp\/v2\/media\/40355"}],"wp:attachment":[{"href":"https:\/\/www.todoeldia.com\/index.php\/wp-json\/wp\/v2\/media?parent=71911"}],"wp:term":[{"taxonomy":"category","embeddable":true,"href":"https:\/\/www.todoeldia.com\/index.php\/wp-json\/wp\/v2\/categories?post=71911"},{"taxonomy":"post_tag","embeddable":true,"href":"https:\/\/www.todoeldia.com\/index.php\/wp-json\/wp\/v2\/tags?post=71911"}],"curies":[{"name":"wp","href":"https:\/\/api.w.org\/{rel}","templated":true}]}}