{"id":71913,"date":"2024-01-25T13:24:05","date_gmt":"2024-01-25T16:24:05","guid":{"rendered":"https:\/\/www.todoeldia.com\/?p=71913"},"modified":"2024-01-25T13:24:07","modified_gmt":"2024-01-25T16:24:07","slug":"mientras-el-pais-debate-proyectos-importantes-outes-esta-de-vacaciones-en-europa","status":"publish","type":"post","link":"https:\/\/www.todoeldia.com\/index.php\/2024\/01\/25\/mientras-el-pais-debate-proyectos-importantes-outes-esta-de-vacaciones-en-europa\/","title":{"rendered":"Mientras el pa\u00eds debate proyectos importantes, \u00bfOutes est\u00e1 de vacaciones en Europa?"},"content":{"rendered":"\n<p>En el marco de una Argentina convulsionada en lo econ\u00f3mico y en lo pol\u00edtico, el diputado nacional salte\u00f1o estar\u00eda descansando en el Viejo continente.<\/p>\n\n\n\n<p>Desde que asumi\u00f3 su banca el 7 de diciembre pasado, a Pablo Outes no se lo volvi\u00f3 a ver m\u00e1s ni en Salta ni en los despachos y pasillos de la C\u00e1mara de Diputados de la Naci\u00f3n. En el medio de una Argentina convulsionada en lo econ\u00f3mico y en lo pol\u00edtico vale preguntarse: \u00bfD\u00f3nde est\u00e1 Outes?<\/p>\n\n\n\n<p>Mientras en el Congreso se debate el DNU 70\/23 y la Ley \u00d3mnibus, dos leyes fundamentales en el avance libertario, algunas fuentes ubican a Pablo Outes vacacionando en Europa. Las fuentes se\u00f1alan que el diputado nacional, que todav\u00eda no conoce su propio despacho en el Anexo de la c\u00e1mara baja, se habr\u00eda ido a pasar un tiempo con sus hermanas, exiliadas en distintos pa\u00edses del viejo continente.<\/p>\n\n\n\n<p>La visita a las hermanas podr\u00eda resultar hasta simp\u00e1tica, si es que en nuestro pa\u00eds no se estar\u00eda debatiendo el futuro de miles de argentinos y argentinas que se podr\u00edan ver afectados, o beneficiados, seg\u00fan el cristal con el que se mire, por las iniciativas del Gobierno nacional.<\/p>\n\n\n\n<p>Despu\u00e9s de la asunci\u00f3n, en la C\u00e1mara de Diputados no se lo volvi\u00f3 a ver a Outes. Ni en las reuniones de comisiones ni en las distintas reuniones pol\u00edticas que mantuvieron desde el bloque Innovaci\u00f3n Federal, espacio al que se fueron despu\u00e9s de dejar Uni\u00f3n por la Patria, pese a haber sido electos por all\u00ed y sin dar explicaciones a sus votantes. Esas reuniones fueron encabezadas por Pamela Calletti y en una fue acompa\u00f1ada por Yolanda Vega, otra de las que casi no emitieron opini\u00f3n sobre la coyuntura nacional y sus implicancias en la provincia que dicen defender.<\/p>\n\n\n\n<p>Llama la atenci\u00f3n que, en este contexto, Outes se haya tomado tanto tiempo de vacaciones cuando en campa\u00f1a utiliz\u00f3 los recursos del Estado para posicionarse como \u201cun defensor de los intereses de la provincia de Salta\u201d. Volver\u00e1 antes de que se vote la Ley \u00d3mnibus?<\/p>\n\n\n\n<p>Fuente: Opinorte<\/p>\n","protected":false},"excerpt":{"rendered":"<p>En el marco de una Argentina convulsionada en lo econ\u00f3mico y en lo pol\u00edtico, el diputado nacional salte\u00f1o estar\u00eda descansando en el Viejo continente. Desde que asumi\u00f3 su banca el 7 de diciembre pasado, a Pablo Outes no se lo volvi\u00f3 a ver m\u00e1s ni en Salta ni en los despachos y pasillos de la [&hellip;]<\/p>\n","protected":false},"author":2,"featured_media":71914,"comment_status":"open","ping_status":"open","sticky":false,"template":"","format":"standard","meta":{"tdm_status":"","tdm_grid_status":"","_joinchat":[],"footnotes":""},"categories":[59],"tags":[],"class_list":{"0":"post-71913","1":"post","2":"type-post","3":"status-publish","4":"format-standard","5":"has-post-thumbnail","7":"category-politica"},"amp_enabled":true,"_links":{"self":[{"href":"https:\/\/www.todoeldia.com\/index.php\/wp-json\/wp\/v2\/posts\/71913","targetHints":{"allow":["GET"]}}],"collection":[{"href":"https:\/\/www.todoeldia.com\/index.php\/wp-json\/wp\/v2\/posts"}],"about":[{"href":"https:\/\/www.todoeldia.com\/index.php\/wp-json\/wp\/v2\/types\/post"}],"author":[{"embeddable":true,"href":"https:\/\/www.todoeldia.com\/index.php\/wp-json\/wp\/v2\/users\/2"}],"replies":[{"embeddable":true,"href":"https:\/\/www.todoeldia.com\/index.php\/wp-json\/wp\/v2\/comments?post=71913"}],"version-history":[{"count":1,"href":"https:\/\/www.todoeldia.com\/index.php\/wp-json\/wp\/v2\/posts\/71913\/revisions"}],"predecessor-version":[{"id":71915,"href":"https:\/\/www.todoeldia.com\/index.php\/wp-json\/wp\/v2\/posts\/71913\/revisions\/71915"}],"wp:featuredmedia":[{"embeddable":true,"href":"https:\/\/www.todoeldia.com\/index.php\/wp-json\/wp\/v2\/media\/71914"}],"wp:attachment":[{"href":"https:\/\/www.todoeldia.com\/index.php\/wp-json\/wp\/v2\/media?parent=71913"}],"wp:term":[{"taxonomy":"category","embeddable":true,"href":"https:\/\/www.todoeldia.com\/index.php\/wp-json\/wp\/v2\/categories?post=71913"},{"taxonomy":"post_tag","embeddable":true,"href":"https:\/\/www.todoeldia.com\/index.php\/wp-json\/wp\/v2\/tags?post=71913"}],"curies":[{"name":"wp","href":"https:\/\/api.w.org\/{rel}","templated":true}]}}