{"id":71938,"date":"2024-01-25T22:49:12","date_gmt":"2024-01-26T01:49:12","guid":{"rendered":"https:\/\/www.todoeldia.com\/?p=71938"},"modified":"2024-01-25T22:49:12","modified_gmt":"2024-01-26T01:49:12","slug":"javier-milei-echo-al-ministro-de-infraestructura-guillermo-ferraro","status":"publish","type":"post","link":"https:\/\/www.todoeldia.com\/index.php\/2024\/01\/25\/javier-milei-echo-al-ministro-de-infraestructura-guillermo-ferraro\/","title":{"rendered":"Javier Milei ech\u00f3 al ministro de Infraestructura Guillermo Ferraro"},"content":{"rendered":"\n<p>Seg\u00fan trascendi\u00f3, el Presidente tom\u00f3 la decisi\u00f3n luego de que se filtrase una frase dirigida a los gobernadores que habr\u00eda dicho en la reuni\u00f3n de Gabinete. La interna con Nicol\u00e1s Posse como un factor determinante.<\/p>\n\n\n\n<p>El ministro de Infraestructura, Guillermo Ferraro, fue apartado de su cargo este jueves. Seg\u00fan trascendi\u00f3, el Presidente Javier Milei se molest\u00f3 por diversas filtraciones de informaci\u00f3n que el funcionario habr\u00eda brindado a la prensa sin autorizaci\u00f3n sobre las reuniones de Gabinete.<\/p>\n\n\n\n<p>El jefe de Gabinete, Nicol\u00e1s Posse, provoc\u00f3 rispideces al interior del equipo de Gobierno cuando impuso a Mauricio Gonz\u00e1lez Botto a cargo de la Secretar\u00eda de Empresas y Sociedades del Estado, un sector bajo la \u00f3rbita de la cartera de Infraestructura que depend\u00eda de Ferraro.<\/p>\n\n\n\n<p>\u201cEl ministro recientemente desvinculado hab\u00eda iniciado planes de inversi\u00f3n privada para la obra p\u00fablica en reuniones con c\u00e1maras empresariales y sindicatos. Tambi\u00e9n ten\u00eda a su cargo el \u00e1rea de transporte que lo obligaba a tener di\u00e1logo permanente con los gobernadores\u201d, explic\u00f3 el periodista Manuel Jove, al aire de TN.<\/p>\n\n\n\n<p>Luego de la reuni\u00f3n de gabinete de este jueves, trascendi\u00f3 que el Presidente se habr\u00eda mostrado muy enojado con el proceder de los gobernadores a quienes dirigi\u00f3 una fuerte amenaza. \u201cLos voy a dejar sin un peso\u201d, dijo el mandatario durante el encuentro, en tanto ve en los jefes provinciales a los impulsores del freno al proyecto de Ley \u00d3mnibus, a trav\u00e9s de la influencia sobre sus diputados en el Congreso.<\/p>\n\n\n\n<p>Ferraro fue elegido por Milei como el ministro de Infraestructura a partir del 10 de diciembre. Es contador p\u00fablico y hasta hoy estuvo a cargo del ministerio que tiene cinco secretar\u00edas, entre las que se encuentran Energ\u00eda, Transporte, Obras P\u00fablicas y Vivienda, Comunicaciones y Conectividad, y Miner\u00eda.<\/p>\n","protected":false},"excerpt":{"rendered":"<p>Seg\u00fan trascendi\u00f3, el Presidente tom\u00f3 la decisi\u00f3n luego de que se filtrase una frase dirigida a los gobernadores que habr\u00eda dicho en la reuni\u00f3n de Gabinete. La interna con Nicol\u00e1s Posse como un factor determinante. El ministro de Infraestructura, Guillermo Ferraro, fue apartado de su cargo este jueves. Seg\u00fan trascendi\u00f3, el Presidente Javier Milei se [&hellip;]<\/p>\n","protected":false},"author":2,"featured_media":71939,"comment_status":"open","ping_status":"open","sticky":false,"template":"","format":"standard","meta":{"tdm_status":"","tdm_grid_status":"","_joinchat":[],"footnotes":""},"categories":[59],"tags":[],"class_list":{"0":"post-71938","1":"post","2":"type-post","3":"status-publish","4":"format-standard","5":"has-post-thumbnail","7":"category-politica"},"amp_enabled":true,"_links":{"self":[{"href":"https:\/\/www.todoeldia.com\/index.php\/wp-json\/wp\/v2\/posts\/71938","targetHints":{"allow":["GET"]}}],"collection":[{"href":"https:\/\/www.todoeldia.com\/index.php\/wp-json\/wp\/v2\/posts"}],"about":[{"href":"https:\/\/www.todoeldia.com\/index.php\/wp-json\/wp\/v2\/types\/post"}],"author":[{"embeddable":true,"href":"https:\/\/www.todoeldia.com\/index.php\/wp-json\/wp\/v2\/users\/2"}],"replies":[{"embeddable":true,"href":"https:\/\/www.todoeldia.com\/index.php\/wp-json\/wp\/v2\/comments?post=71938"}],"version-history":[{"count":1,"href":"https:\/\/www.todoeldia.com\/index.php\/wp-json\/wp\/v2\/posts\/71938\/revisions"}],"predecessor-version":[{"id":71940,"href":"https:\/\/www.todoeldia.com\/index.php\/wp-json\/wp\/v2\/posts\/71938\/revisions\/71940"}],"wp:featuredmedia":[{"embeddable":true,"href":"https:\/\/www.todoeldia.com\/index.php\/wp-json\/wp\/v2\/media\/71939"}],"wp:attachment":[{"href":"https:\/\/www.todoeldia.com\/index.php\/wp-json\/wp\/v2\/media?parent=71938"}],"wp:term":[{"taxonomy":"category","embeddable":true,"href":"https:\/\/www.todoeldia.com\/index.php\/wp-json\/wp\/v2\/categories?post=71938"},{"taxonomy":"post_tag","embeddable":true,"href":"https:\/\/www.todoeldia.com\/index.php\/wp-json\/wp\/v2\/tags?post=71938"}],"curies":[{"name":"wp","href":"https:\/\/api.w.org\/{rel}","templated":true}]}}