{"id":71961,"date":"2024-01-26T10:21:35","date_gmt":"2024-01-26T13:21:35","guid":{"rendered":"https:\/\/www.todoeldia.com\/?p=71961"},"modified":"2024-01-26T10:21:35","modified_gmt":"2024-01-26T13:21:35","slug":"ni-los-curas-se-salvan-de-los-robos","status":"publish","type":"post","link":"https:\/\/www.todoeldia.com\/index.php\/2024\/01\/26\/ni-los-curas-se-salvan-de-los-robos\/","title":{"rendered":"Ni los curas se salvan de los robos"},"content":{"rendered":"\n<p>El p\u00e1rroco de San Carlos denunci\u00f3 que personas desconocidas ingresaron al predio de la iglesia y tras da\u00f1ar una de las ventanillas de una camioneta, sustrajeron una billetera con documentaci\u00f3n y la bater\u00eda del veh\u00edculo. Fue identificado a partir de testimonios recogidos y registros f\u00edlmicos.<\/p>\n\n\n\n<p>El fiscal penal Daniel Alejandro Escalante, interino en la Fiscal\u00eda Penal de Cafayate en feria, imput\u00f3 de forma provisional a un hombre de 34 a\u00f1os como autor del delito de robo.<\/p>\n\n\n\n<p>El hecho ocurri\u00f3 el pasado s\u00e1bado en la iglesia de la localidad de San Carlos, cuando el p\u00e1rroco advirti\u00f3 que la camioneta perteneciente a la Prelatura de Cafayate que estaba estacionada en el predio, fue da\u00f1ada y desde su interior se sustrajeron una billetera con documentaci\u00f3n y la bater\u00eda del veh\u00edculo.<\/p>\n\n\n\n<p>Personal policial, con el aporte de testigos y del relevamiento de c\u00e1maras de seguridad, individualiz\u00f3 al sospechoso y se produjo su detenci\u00f3n.<\/p>\n\n\n\n<p>Tras la audiencia de imputaci\u00f3n, desde la Fiscal\u00eda se solicit\u00f3 al Juzgado de Garant\u00edas interviniente que se mantenga la detenci\u00f3n del acusado, mientras se cumplen diversas medidas solicitadas.<\/p>\n","protected":false},"excerpt":{"rendered":"<p>El p\u00e1rroco de San Carlos denunci\u00f3 que personas desconocidas ingresaron al predio de la iglesia y tras da\u00f1ar una de las ventanillas de una camioneta, sustrajeron una billetera con documentaci\u00f3n y la bater\u00eda del veh\u00edculo. Fue identificado a partir de testimonios recogidos y registros f\u00edlmicos. El fiscal penal Daniel Alejandro Escalante, interino en la Fiscal\u00eda [&hellip;]<\/p>\n","protected":false},"author":2,"featured_media":71962,"comment_status":"open","ping_status":"open","sticky":false,"template":"","format":"standard","meta":{"tdm_status":"","tdm_grid_status":"","_joinchat":[],"footnotes":""},"categories":[63],"tags":[],"class_list":{"0":"post-71961","1":"post","2":"type-post","3":"status-publish","4":"format-standard","5":"has-post-thumbnail","7":"category-policiales"},"amp_enabled":true,"_links":{"self":[{"href":"https:\/\/www.todoeldia.com\/index.php\/wp-json\/wp\/v2\/posts\/71961","targetHints":{"allow":["GET"]}}],"collection":[{"href":"https:\/\/www.todoeldia.com\/index.php\/wp-json\/wp\/v2\/posts"}],"about":[{"href":"https:\/\/www.todoeldia.com\/index.php\/wp-json\/wp\/v2\/types\/post"}],"author":[{"embeddable":true,"href":"https:\/\/www.todoeldia.com\/index.php\/wp-json\/wp\/v2\/users\/2"}],"replies":[{"embeddable":true,"href":"https:\/\/www.todoeldia.com\/index.php\/wp-json\/wp\/v2\/comments?post=71961"}],"version-history":[{"count":1,"href":"https:\/\/www.todoeldia.com\/index.php\/wp-json\/wp\/v2\/posts\/71961\/revisions"}],"predecessor-version":[{"id":71963,"href":"https:\/\/www.todoeldia.com\/index.php\/wp-json\/wp\/v2\/posts\/71961\/revisions\/71963"}],"wp:featuredmedia":[{"embeddable":true,"href":"https:\/\/www.todoeldia.com\/index.php\/wp-json\/wp\/v2\/media\/71962"}],"wp:attachment":[{"href":"https:\/\/www.todoeldia.com\/index.php\/wp-json\/wp\/v2\/media?parent=71961"}],"wp:term":[{"taxonomy":"category","embeddable":true,"href":"https:\/\/www.todoeldia.com\/index.php\/wp-json\/wp\/v2\/categories?post=71961"},{"taxonomy":"post_tag","embeddable":true,"href":"https:\/\/www.todoeldia.com\/index.php\/wp-json\/wp\/v2\/tags?post=71961"}],"curies":[{"name":"wp","href":"https:\/\/api.w.org\/{rel}","templated":true}]}}