{"id":71964,"date":"2024-01-26T10:24:22","date_gmt":"2024-01-26T13:24:22","guid":{"rendered":"https:\/\/www.todoeldia.com\/?p=71964"},"modified":"2024-01-26T14:54:17","modified_gmt":"2024-01-26T17:54:17","slug":"golpeo-a-su-pareja-a-pinas-patadas-y-le-apago-un-cigarrillo-en-la-cara","status":"publish","type":"post","link":"https:\/\/www.todoeldia.com\/index.php\/2024\/01\/26\/golpeo-a-su-pareja-a-pinas-patadas-y-le-apago-un-cigarrillo-en-la-cara\/","title":{"rendered":"Golpe\u00f3 a su pareja a pi\u00f1as, patadas y le apag\u00f3 un cigarrillo en la cara"},"content":{"rendered":"\n<p>Durante una reuni\u00f3n social, la habr\u00eda agredido con golpes de pu\u00f1o y patadas, quem\u00e1ndole el rostro con un cigarrillo. El acusado permanece detenido y en su declaraci\u00f3n neg\u00f3 los hechos endilgados.<\/p>\n\n\n\n<p>La fiscal penal de Embarcaci\u00f3n en feria, Gabriela Souto, imput\u00f3 de forma provisional a un hombre de 34 a\u00f1os como autor del delito de lesiones graves doblemente agravadas por haber mantenido una relaci\u00f3n de pareja y por mediar violencia de g\u00e9nero en perjuicio de una mujer con la que se encontraba conviviendo.<\/p>\n\n\n\n<p>El hecho ocurri\u00f3 en ocasi\u00f3n de que la pareja se encontraba en una vivienda de barrio Chino de esa ciudad participando de una reuni\u00f3n social con ingesta alcoh\u00f3lica. All\u00ed, seg\u00fan consta en las actuaciones, la situaci\u00f3n se torn\u00f3 violenta cuando el acusado comenz\u00f3 a agredir f\u00edsicamente a la mujer, propin\u00e1ndole golpes de pu\u00f1o y patadas que resultaron en lesiones en el cuerpo. Adem\u00e1s, el agresor habr\u00eda quemado el rostro de la v\u00edctima con un cigarrillo.<\/p>\n\n\n\n<p>Las lesiones fueron constatadas por un m\u00e9dico y se solicit\u00f3 la detenci\u00f3n del acusado, quien cuenta con antecedentes condenatorios.<\/p>\n\n\n\n<p>Durante la audiencia de imputaci\u00f3n, estuvo asistido por defensa oficial y en su declaraci\u00f3n neg\u00f3 haber agredido a la mujer con la que manten\u00eda una relaci\u00f3n de pareja.<\/p>\n\n\n\n<p>Desde la Fiscal\u00eda se solicit\u00f3 que el acusado permanezca detenido.<\/p>\n","protected":false},"excerpt":{"rendered":"<p>Durante una reuni\u00f3n social, la habr\u00eda agredido con golpes de pu\u00f1o y patadas, quem\u00e1ndole el rostro con un cigarrillo. El acusado permanece detenido y en su declaraci\u00f3n neg\u00f3 los hechos endilgados. La fiscal penal de Embarcaci\u00f3n en feria, Gabriela Souto, imput\u00f3 de forma provisional a un hombre de 34 a\u00f1os como autor del delito de [&hellip;]<\/p>\n","protected":false},"author":2,"featured_media":51611,"comment_status":"open","ping_status":"open","sticky":false,"template":"","format":"standard","meta":{"tdm_status":"","tdm_grid_status":"","_joinchat":[],"footnotes":""},"categories":[63],"tags":[],"class_list":{"0":"post-71964","1":"post","2":"type-post","3":"status-publish","4":"format-standard","5":"has-post-thumbnail","7":"category-policiales"},"amp_enabled":true,"_links":{"self":[{"href":"https:\/\/www.todoeldia.com\/index.php\/wp-json\/wp\/v2\/posts\/71964","targetHints":{"allow":["GET"]}}],"collection":[{"href":"https:\/\/www.todoeldia.com\/index.php\/wp-json\/wp\/v2\/posts"}],"about":[{"href":"https:\/\/www.todoeldia.com\/index.php\/wp-json\/wp\/v2\/types\/post"}],"author":[{"embeddable":true,"href":"https:\/\/www.todoeldia.com\/index.php\/wp-json\/wp\/v2\/users\/2"}],"replies":[{"embeddable":true,"href":"https:\/\/www.todoeldia.com\/index.php\/wp-json\/wp\/v2\/comments?post=71964"}],"version-history":[{"count":2,"href":"https:\/\/www.todoeldia.com\/index.php\/wp-json\/wp\/v2\/posts\/71964\/revisions"}],"predecessor-version":[{"id":71966,"href":"https:\/\/www.todoeldia.com\/index.php\/wp-json\/wp\/v2\/posts\/71964\/revisions\/71966"}],"wp:featuredmedia":[{"embeddable":true,"href":"https:\/\/www.todoeldia.com\/index.php\/wp-json\/wp\/v2\/media\/51611"}],"wp:attachment":[{"href":"https:\/\/www.todoeldia.com\/index.php\/wp-json\/wp\/v2\/media?parent=71964"}],"wp:term":[{"taxonomy":"category","embeddable":true,"href":"https:\/\/www.todoeldia.com\/index.php\/wp-json\/wp\/v2\/categories?post=71964"},{"taxonomy":"post_tag","embeddable":true,"href":"https:\/\/www.todoeldia.com\/index.php\/wp-json\/wp\/v2\/tags?post=71964"}],"curies":[{"name":"wp","href":"https:\/\/api.w.org\/{rel}","templated":true}]}}