{"id":71998,"date":"2024-01-26T22:52:44","date_gmt":"2024-01-27T01:52:44","guid":{"rendered":"https:\/\/www.todoeldia.com\/?p=71998"},"modified":"2024-01-26T22:52:44","modified_gmt":"2024-01-27T01:52:44","slug":"cortocircuito-diplomatico-la-repercusion-en-la-prensa-internacional-del-conflicto-entre-javier-milei-y-gustavo-petro","status":"publish","type":"post","link":"https:\/\/www.todoeldia.com\/index.php\/2024\/01\/26\/cortocircuito-diplomatico-la-repercusion-en-la-prensa-internacional-del-conflicto-entre-javier-milei-y-gustavo-petro\/","title":{"rendered":"\u201cCortocircuito diplom\u00e1tico\u201d: la repercusi\u00f3n en la prensa internacional del conflicto entre Javier Milei y Gustavo Petro"},"content":{"rendered":"\n<p>Diversos medios de comunicaci\u00f3n destacaron en sus portadas la nueva crisis entre Argentina y Colombia.<\/p>\n\n\n\n<p>La crisis diplom\u00e1tica entre Argentina y Colombia desencadenada por los recientes comentarios del presidente argentino Javier Milei, quien calific\u00f3 al mandatario colombiano Gustavo Petro de \u201ccomunista\u201d y \u201casesino\u201d, ha generado una amplia repercusi\u00f3n en la prensa internacional. Este incidente, marcado tambi\u00e9n por la decisi\u00f3n del gobierno colombiano de llamar a consultas a su embajador en Argentina, ha ocupado espacios destacados en prestigiosos medios de comunicaci\u00f3n.<\/p>\n\n\n\n<figure class=\"wp-block-image size-full is-resized\"><img loading=\"lazy\" decoding=\"async\" width=\"768\" height=\"576\" src=\"https:\/\/www.todoeldia.com\/wp-content\/uploads\/2024\/01\/image-137.png\" alt=\"\" class=\"wp-image-71999\" style=\"width:1035px;height:auto\" srcset=\"https:\/\/www.todoeldia.com\/wp-content\/uploads\/2024\/01\/image-137.png 768w, https:\/\/www.todoeldia.com\/wp-content\/uploads\/2024\/01\/image-137-300x225.png 300w, https:\/\/www.todoeldia.com\/wp-content\/uploads\/2024\/01\/image-137-696x522.png 696w, https:\/\/www.todoeldia.com\/wp-content\/uploads\/2024\/01\/image-137-560x420.png 560w, https:\/\/www.todoeldia.com\/wp-content\/uploads\/2024\/01\/image-137-80x60.png 80w, https:\/\/www.todoeldia.com\/wp-content\/uploads\/2024\/01\/image-137-265x198.png 265w\" sizes=\"auto, (max-width: 768px) 100vw, 768px\" \/><\/figure>\n\n\n\n<p>El diario espa\u00f1ol El Pa\u00eds dedic\u00f3 un extenso art\u00edculo al conflicto desatado por la entrevista que cedi\u00f3 Javier Milei a la periodista colombiana \u00c1ngela Patricia Janiot y consider\u00f3 que \u201clos insultos del argentino a su par colombiano, al igual que su perorata contra \u2018el comunismo\u2019 en Davos, han sacado a relucir un Milei que hab\u00eda sido aplacado tras su victoria presidencial\u201d.<\/p>\n\n\n\n<p>\u201cCortocircuito diplom\u00e1tico con Colombia tras las duras declaraciones de Milei sobre Petro\u201d, se\u00f1al\u00f3 la revista internacional Newsweek, que tambi\u00e9n hizo alusi\u00f3n a una reacci\u00f3n del embajador colombiano en Argentina, Camilo Romero, en su cuenta en la red social X. \u201cMilei es un hip\u00f3crita (&#8230;) Podemos pensar distinto, pero la regi\u00f3n y la hermandad hist\u00f3rica de nuestros pueblos deben estar por encima de las diferencias\u201d, dijo el diplom\u00e1tico.<\/p>\n\n\n\n<figure class=\"wp-block-image size-full is-resized\"><img loading=\"lazy\" decoding=\"async\" width=\"768\" height=\"1024\" src=\"https:\/\/www.todoeldia.com\/wp-content\/uploads\/2024\/01\/image-138.png\" alt=\"\" class=\"wp-image-72000\" style=\"width:1035px;height:auto\" srcset=\"https:\/\/www.todoeldia.com\/wp-content\/uploads\/2024\/01\/image-138.png 768w, https:\/\/www.todoeldia.com\/wp-content\/uploads\/2024\/01\/image-138-225x300.png 225w, https:\/\/www.todoeldia.com\/wp-content\/uploads\/2024\/01\/image-138-300x400.png 300w, https:\/\/www.todoeldia.com\/wp-content\/uploads\/2024\/01\/image-138-696x928.png 696w, https:\/\/www.todoeldia.com\/wp-content\/uploads\/2024\/01\/image-138-315x420.png 315w\" sizes=\"auto, (max-width: 768px) 100vw, 768px\" \/><\/figure>\n\n\n\n<p> <p class=\"MsoNormal\"><span lang=\"ES-AR\">El peri\u00f3dico chileno La Tercera titul\u00f3 \u201cMilei provoca impasse diplom\u00e1tico con Colombia por tratar a Petro de \u2018comunista asesino\u2019\u201d y explic\u00f3 que en la entrevista se le pidi\u00f3 al mandatario argentino una definici\u00f3n breve de diferentes personajes de la pol\u00edtica regional y, en ese marco, tambi\u00e9n realiz\u00f3 comentarios sobre el presidente de Chile, Gabriel Boric, a quien defini\u00f3 como \u201calguien que tiene las ideas incorrectas\u201d.<\/span><\/p> <\/p>\n\n\n\n<figure class=\"wp-block-image size-full is-resized\"><img loading=\"lazy\" decoding=\"async\" width=\"768\" height=\"341\" src=\"https:\/\/www.todoeldia.com\/wp-content\/uploads\/2024\/01\/image-139.png\" alt=\"\" class=\"wp-image-72001\" style=\"width:1035px;height:auto\" srcset=\"https:\/\/www.todoeldia.com\/wp-content\/uploads\/2024\/01\/image-139.png 768w, https:\/\/www.todoeldia.com\/wp-content\/uploads\/2024\/01\/image-139-300x133.png 300w, https:\/\/www.todoeldia.com\/wp-content\/uploads\/2024\/01\/image-139-696x309.png 696w\" sizes=\"auto, (max-width: 768px) 100vw, 768px\" \/><\/figure>\n\n\n\n<p>El medio estadounidense Voz de Am\u00e9rica destac\u00f3 en su portada esta crisis bilateral, advirti\u00f3 que los comentarios de Milei \u201cdejan entrever la gran divisi\u00f3n ideol\u00f3gica que existe actualmente en la regi\u00f3n\u201d y record\u00f3 que \u201cno es la primera vez que el mandatario colombiano caza un desencuentro con uno de sus hom\u00f3logos\u201d, haciendo alusi\u00f3n a diversas cruces en redes sociales entre Petro y el mandatario salvadore\u00f1o Nayib Bukele.<\/p>\n\n\n\n<figure class=\"wp-block-image size-full\"><img loading=\"lazy\" decoding=\"async\" width=\"992\" height=\"850\" src=\"https:\/\/www.todoeldia.com\/wp-content\/uploads\/2024\/01\/image-140.png\" alt=\"\" class=\"wp-image-72002\" srcset=\"https:\/\/www.todoeldia.com\/wp-content\/uploads\/2024\/01\/image-140.png 992w, https:\/\/www.todoeldia.com\/wp-content\/uploads\/2024\/01\/image-140-300x257.png 300w, https:\/\/www.todoeldia.com\/wp-content\/uploads\/2024\/01\/image-140-768x658.png 768w, https:\/\/www.todoeldia.com\/wp-content\/uploads\/2024\/01\/image-140-696x596.png 696w, https:\/\/www.todoeldia.com\/wp-content\/uploads\/2024\/01\/image-140-490x420.png 490w\" sizes=\"auto, (max-width: 992px) 100vw, 992px\" \/><\/figure>\n\n\n\n<p>Los medios ecuatorianos El Universo y Primicias tambi\u00e9n publicaron informes de este conflicto, al igual que el portal Bloomberg L\u00ednea, el peri\u00f3dico uruguayo El Observador y el diario mexicano Excelsior.<\/p>\n\n\n\n<figure class=\"wp-block-image size-full\"><img loading=\"lazy\" decoding=\"async\" width=\"768\" height=\"768\" src=\"https:\/\/www.todoeldia.com\/wp-content\/uploads\/2024\/01\/image-141.png\" alt=\"\" class=\"wp-image-72003\" srcset=\"https:\/\/www.todoeldia.com\/wp-content\/uploads\/2024\/01\/image-141.png 768w, https:\/\/www.todoeldia.com\/wp-content\/uploads\/2024\/01\/image-141-300x300.png 300w, https:\/\/www.todoeldia.com\/wp-content\/uploads\/2024\/01\/image-141-150x150.png 150w, https:\/\/www.todoeldia.com\/wp-content\/uploads\/2024\/01\/image-141-696x696.png 696w, https:\/\/www.todoeldia.com\/wp-content\/uploads\/2024\/01\/image-141-420x420.png 420w\" sizes=\"auto, (max-width: 768px) 100vw, 768px\" \/><\/figure>\n\n\n\n<figure class=\"wp-block-image size-full\"><img loading=\"lazy\" decoding=\"async\" width=\"768\" height=\"512\" src=\"https:\/\/www.todoeldia.com\/wp-content\/uploads\/2024\/01\/image-142.png\" alt=\"\" class=\"wp-image-72004\" srcset=\"https:\/\/www.todoeldia.com\/wp-content\/uploads\/2024\/01\/image-142.png 768w, https:\/\/www.todoeldia.com\/wp-content\/uploads\/2024\/01\/image-142-300x200.png 300w, https:\/\/www.todoeldia.com\/wp-content\/uploads\/2024\/01\/image-142-696x464.png 696w, https:\/\/www.todoeldia.com\/wp-content\/uploads\/2024\/01\/image-142-630x420.png 630w\" sizes=\"auto, (max-width: 768px) 100vw, 768px\" \/><\/figure>\n","protected":false},"excerpt":{"rendered":"<p>Diversos medios de comunicaci\u00f3n destacaron en sus portadas la nueva crisis entre Argentina y Colombia. La crisis diplom\u00e1tica entre Argentina y Colombia desencadenada por los recientes comentarios del presidente argentino Javier Milei, quien calific\u00f3 al mandatario colombiano Gustavo Petro de \u201ccomunista\u201d y \u201casesino\u201d, ha generado una amplia repercusi\u00f3n en la prensa internacional. Este incidente, marcado [&hellip;]<\/p>\n","protected":false},"author":2,"featured_media":70350,"comment_status":"open","ping_status":"open","sticky":false,"template":"","format":"standard","meta":{"tdm_status":"","tdm_grid_status":"","_joinchat":[],"footnotes":""},"categories":[59],"tags":[],"class_list":{"0":"post-71998","1":"post","2":"type-post","3":"status-publish","4":"format-standard","5":"has-post-thumbnail","7":"category-politica"},"amp_enabled":true,"_links":{"self":[{"href":"https:\/\/www.todoeldia.com\/index.php\/wp-json\/wp\/v2\/posts\/71998","targetHints":{"allow":["GET"]}}],"collection":[{"href":"https:\/\/www.todoeldia.com\/index.php\/wp-json\/wp\/v2\/posts"}],"about":[{"href":"https:\/\/www.todoeldia.com\/index.php\/wp-json\/wp\/v2\/types\/post"}],"author":[{"embeddable":true,"href":"https:\/\/www.todoeldia.com\/index.php\/wp-json\/wp\/v2\/users\/2"}],"replies":[{"embeddable":true,"href":"https:\/\/www.todoeldia.com\/index.php\/wp-json\/wp\/v2\/comments?post=71998"}],"version-history":[{"count":1,"href":"https:\/\/www.todoeldia.com\/index.php\/wp-json\/wp\/v2\/posts\/71998\/revisions"}],"predecessor-version":[{"id":72005,"href":"https:\/\/www.todoeldia.com\/index.php\/wp-json\/wp\/v2\/posts\/71998\/revisions\/72005"}],"wp:featuredmedia":[{"embeddable":true,"href":"https:\/\/www.todoeldia.com\/index.php\/wp-json\/wp\/v2\/media\/70350"}],"wp:attachment":[{"href":"https:\/\/www.todoeldia.com\/index.php\/wp-json\/wp\/v2\/media?parent=71998"}],"wp:term":[{"taxonomy":"category","embeddable":true,"href":"https:\/\/www.todoeldia.com\/index.php\/wp-json\/wp\/v2\/categories?post=71998"},{"taxonomy":"post_tag","embeddable":true,"href":"https:\/\/www.todoeldia.com\/index.php\/wp-json\/wp\/v2\/tags?post=71998"}],"curies":[{"name":"wp","href":"https:\/\/api.w.org\/{rel}","templated":true}]}}