{"id":72149,"date":"2024-01-29T19:28:13","date_gmt":"2024-01-29T22:28:13","guid":{"rendered":"https:\/\/www.todoeldia.com\/?p=72149"},"modified":"2024-01-29T19:28:13","modified_gmt":"2024-01-29T22:28:13","slug":"descartan-signos-de-violencia-en-la-joven-encontrada-sin-vida-en-general-guemes","status":"publish","type":"post","link":"https:\/\/www.todoeldia.com\/index.php\/2024\/01\/29\/descartan-signos-de-violencia-en-la-joven-encontrada-sin-vida-en-general-guemes\/","title":{"rendered":"Descartan signos de violencia en la joven encontrada sin vida en General G\u00fcemes"},"content":{"rendered":"\n<p>Del informe preliminar de autopsia de la mujer de 20 a\u00f1os encontrada sin vida este domingo en la v\u00eda p\u00fablica, se pudo confirmar que el cuerpo no presentaba signos externos evidentes de violencia. Se solicitaron estudios complementarios para determinar la causa y data del fallecimiento.<\/p>\n\n\n\n<p>El fiscal penal Gabriel Gonz\u00e1lez, interino en la Unidad de Femicidios en feria, inform\u00f3 que en el marco de la investigaci\u00f3n que lleva adelante tras el hallazgo sin vida del cuerpo de Julieta Siles en la ciudad de General G\u00fcemes, el informe preliminar de autopsia realizada en el Servicio de Tanatolog\u00eda Forense del CIF, revel\u00f3 que el cuerpo no presentaba lesiones externas que evidencien signos de violencia y que el deceso se habr\u00eda producido por arritmia, insuficiencia cardiorrespiratoria y muerte s\u00fabita.<\/p>\n\n\n\n<p>El fiscal Gonz\u00e1lez explic\u00f3 que en el marco de la investigaci\u00f3n, se solicitaron adem\u00e1s estudios complementarios tales como anatomopatol\u00f3gicos y toxicol\u00f3gicos para determinar de forma fehaciente la causa y data del fallecimiento.<\/p>\n\n\n\n<p>Cabe recordar que por el hecho se encuentra en calidad de detenido, un hombre mayor de edad, sospechoso de alguna participaci\u00f3n en el hecho.<\/p>\n","protected":false},"excerpt":{"rendered":"<p>Del informe preliminar de autopsia de la mujer de 20 a\u00f1os encontrada sin vida este domingo en la v\u00eda p\u00fablica, se pudo confirmar que el cuerpo no presentaba signos externos evidentes de violencia. Se solicitaron estudios complementarios para determinar la causa y data del fallecimiento. El fiscal penal Gabriel Gonz\u00e1lez, interino en la Unidad de [&hellip;]<\/p>\n","protected":false},"author":2,"featured_media":72150,"comment_status":"open","ping_status":"open","sticky":false,"template":"","format":"standard","meta":{"tdm_status":"","tdm_grid_status":"","_joinchat":[],"footnotes":""},"categories":[63],"tags":[],"class_list":{"0":"post-72149","1":"post","2":"type-post","3":"status-publish","4":"format-standard","5":"has-post-thumbnail","7":"category-policiales"},"amp_enabled":true,"_links":{"self":[{"href":"https:\/\/www.todoeldia.com\/index.php\/wp-json\/wp\/v2\/posts\/72149","targetHints":{"allow":["GET"]}}],"collection":[{"href":"https:\/\/www.todoeldia.com\/index.php\/wp-json\/wp\/v2\/posts"}],"about":[{"href":"https:\/\/www.todoeldia.com\/index.php\/wp-json\/wp\/v2\/types\/post"}],"author":[{"embeddable":true,"href":"https:\/\/www.todoeldia.com\/index.php\/wp-json\/wp\/v2\/users\/2"}],"replies":[{"embeddable":true,"href":"https:\/\/www.todoeldia.com\/index.php\/wp-json\/wp\/v2\/comments?post=72149"}],"version-history":[{"count":1,"href":"https:\/\/www.todoeldia.com\/index.php\/wp-json\/wp\/v2\/posts\/72149\/revisions"}],"predecessor-version":[{"id":72151,"href":"https:\/\/www.todoeldia.com\/index.php\/wp-json\/wp\/v2\/posts\/72149\/revisions\/72151"}],"wp:featuredmedia":[{"embeddable":true,"href":"https:\/\/www.todoeldia.com\/index.php\/wp-json\/wp\/v2\/media\/72150"}],"wp:attachment":[{"href":"https:\/\/www.todoeldia.com\/index.php\/wp-json\/wp\/v2\/media?parent=72149"}],"wp:term":[{"taxonomy":"category","embeddable":true,"href":"https:\/\/www.todoeldia.com\/index.php\/wp-json\/wp\/v2\/categories?post=72149"},{"taxonomy":"post_tag","embeddable":true,"href":"https:\/\/www.todoeldia.com\/index.php\/wp-json\/wp\/v2\/tags?post=72149"}],"curies":[{"name":"wp","href":"https:\/\/api.w.org\/{rel}","templated":true}]}}