{"id":72155,"date":"2024-01-29T19:35:24","date_gmt":"2024-01-29T22:35:24","guid":{"rendered":"https:\/\/www.todoeldia.com\/?p=72155"},"modified":"2024-01-29T19:57:50","modified_gmt":"2024-01-29T22:57:50","slug":"policias-fueron-llamador-por-un-desorden-y-los-recibieron-con-piedras-en-b-justicia","status":"publish","type":"post","link":"https:\/\/www.todoeldia.com\/index.php\/2024\/01\/29\/policias-fueron-llamador-por-un-desorden-y-los-recibieron-con-piedras-en-b-justicia\/","title":{"rendered":"Polic\u00edas fueron llamados por un desorden y los recibieron con piedras en B\u00b0 Justicia"},"content":{"rendered":"\n<p>Los polic\u00edas hab\u00edan concurrido a verificar un hecho de desorden entre vecinos. Tambi\u00e9n se los acusa de amenazar a una vecina y su grupo familiar con armas blancas y escombros.<\/p>\n\n\n\n<p>La fiscal penal Anal\u00eda Adet Figueroa, subrogante en la Fiscal\u00eda Penal 6 en feria, imput\u00f3 de forma provisional a dos hombres de 34 y 35 a\u00f1os y a una mujer de 35 a\u00f1os como coautores de los delitos de atentado a la autoridad agravado y da\u00f1os calificados en concurso real en perjuicio de personal policial y amenazas con arma en perjuicio de una vecina y su grupo familiar.<\/p>\n\n\n\n<p>El hecho investigado ocurri\u00f3 durante la madrugada del pasado s\u00e1bado en barrio Justicia, de la zona sudeste de la ciudad de Salta, lugar al que fue comisionado personal policial a fines de verificar un desorden entre vecinos. No obstante, al llegar, fueron atacados por individuos que lanzaron objetos contundentes hacia el veh\u00edculo policial, provocando da\u00f1os y poniendo en riesgo su integridad f\u00edsica.<\/p>\n\n\n\n<p>Una vecina de los acusados los denunci\u00f3 por haber recibido amenazas con machetes, palos de escoba con puntas y escombros de bloques de cemento dirigidas hacia ella y su grupo familiar, en el contexto de un conflicto vecinal.<\/p>\n\n\n\n<p>Durante la audiencia de imputaci\u00f3n, los tres acusados fueron asistidos por defensa oficial y prestaron declaraci\u00f3n, dando su versi\u00f3n de lo ocurrido. Desde la Fiscal\u00eda se solicit\u00f3 ante el Juzgado de Garant\u00edas 1 del distrito Centro en feria, que se mantengan detenidos.<\/p>\n","protected":false},"excerpt":{"rendered":"<p>Los polic\u00edas hab\u00edan concurrido a verificar un hecho de desorden entre vecinos. Tambi\u00e9n se los acusa de amenazar a una vecina y su grupo familiar con armas blancas y escombros. La fiscal penal Anal\u00eda Adet Figueroa, subrogante en la Fiscal\u00eda Penal 6 en feria, imput\u00f3 de forma provisional a dos hombres de 34 y 35 [&hellip;]<\/p>\n","protected":false},"author":2,"featured_media":38075,"comment_status":"open","ping_status":"open","sticky":false,"template":"","format":"standard","meta":{"tdm_status":"","tdm_grid_status":"","_joinchat":[],"footnotes":""},"categories":[63],"tags":[],"class_list":{"0":"post-72155","1":"post","2":"type-post","3":"status-publish","4":"format-standard","5":"has-post-thumbnail","7":"category-policiales"},"amp_enabled":true,"_links":{"self":[{"href":"https:\/\/www.todoeldia.com\/index.php\/wp-json\/wp\/v2\/posts\/72155","targetHints":{"allow":["GET"]}}],"collection":[{"href":"https:\/\/www.todoeldia.com\/index.php\/wp-json\/wp\/v2\/posts"}],"about":[{"href":"https:\/\/www.todoeldia.com\/index.php\/wp-json\/wp\/v2\/types\/post"}],"author":[{"embeddable":true,"href":"https:\/\/www.todoeldia.com\/index.php\/wp-json\/wp\/v2\/users\/2"}],"replies":[{"embeddable":true,"href":"https:\/\/www.todoeldia.com\/index.php\/wp-json\/wp\/v2\/comments?post=72155"}],"version-history":[{"count":2,"href":"https:\/\/www.todoeldia.com\/index.php\/wp-json\/wp\/v2\/posts\/72155\/revisions"}],"predecessor-version":[{"id":72161,"href":"https:\/\/www.todoeldia.com\/index.php\/wp-json\/wp\/v2\/posts\/72155\/revisions\/72161"}],"wp:featuredmedia":[{"embeddable":true,"href":"https:\/\/www.todoeldia.com\/index.php\/wp-json\/wp\/v2\/media\/38075"}],"wp:attachment":[{"href":"https:\/\/www.todoeldia.com\/index.php\/wp-json\/wp\/v2\/media?parent=72155"}],"wp:term":[{"taxonomy":"category","embeddable":true,"href":"https:\/\/www.todoeldia.com\/index.php\/wp-json\/wp\/v2\/categories?post=72155"},{"taxonomy":"post_tag","embeddable":true,"href":"https:\/\/www.todoeldia.com\/index.php\/wp-json\/wp\/v2\/tags?post=72155"}],"curies":[{"name":"wp","href":"https:\/\/api.w.org\/{rel}","templated":true}]}}