{"id":72159,"date":"2024-01-29T19:51:39","date_gmt":"2024-01-29T22:51:39","guid":{"rendered":"https:\/\/www.todoeldia.com\/?p=72159"},"modified":"2024-01-29T19:51:40","modified_gmt":"2024-01-29T22:51:40","slug":"detuvieron-en-oran-a-los-dos-acusados-de-balear-a-un-hombre-en-plena-calle","status":"publish","type":"post","link":"https:\/\/www.todoeldia.com\/index.php\/2024\/01\/29\/detuvieron-en-oran-a-los-dos-acusados-de-balear-a-un-hombre-en-plena-calle\/","title":{"rendered":"Detuvieron en Or\u00e1n a los dos acusados de balear a un hombre en plena calle"},"content":{"rendered":"\n<p>El hecho se produjo el pasado 17 de enero, cuando un hombre de 29 a\u00f1os fue lesionado con un arma de fuego en la zona tor\u00e1cica y debi\u00f3 ser intervenido quir\u00fargicamente.<\/p>\n\n\n\n<p>La fiscal penal Mar\u00eda Soledad Filtr\u00edn Cuezzo, interina en la Fiscal\u00eda de la Unidad de Graves Atentados contra las Personas de Or\u00e1n, imput\u00f3 de forma provisional a dos hombres de 23 y 26 a\u00f1os como coautores del delito de tentativa de homicidio simple agravado por el uso de arma de fuego en perjuicio de un hombre de 29 a\u00f1os.<\/p>\n\n\n\n<p>El hecho ocurri\u00f3 el pasado 17 de enero en la intersecci\u00f3n de calle Mendoza y pasaje Lucardi de Or\u00e1n, donde un hombre de 29 a\u00f1os fue agredido con un arma de fuego y uno de los impactos lo lesion\u00f3 en la zona tor\u00e1cica, por lo que debi\u00f3 ser intervenido quir\u00fargicamente.<\/p>\n\n\n\n<p>Del trabajo desplegado por la Unidad de Investigaci\u00f3n UGAP Or\u00e1n, se logr\u00f3 individualizar a los acusados como sospechosos y en forma posterior fueron detenidos e imputados.<\/p>\n\n\n\n<p>Desde la Fiscal\u00eda se solicit\u00f3 al Juzgado de Garant\u00edas 1 en feria que ambos acusados permanezcan detenidos mientras se cumplen numerosas medidas dispuestas para lograr el esclarecimiento del hecho.<\/p>\n","protected":false},"excerpt":{"rendered":"<p>El hecho se produjo el pasado 17 de enero, cuando un hombre de 29 a\u00f1os fue lesionado con un arma de fuego en la zona tor\u00e1cica y debi\u00f3 ser intervenido quir\u00fargicamente. La fiscal penal Mar\u00eda Soledad Filtr\u00edn Cuezzo, interina en la Fiscal\u00eda de la Unidad de Graves Atentados contra las Personas de Or\u00e1n, imput\u00f3 de [&hellip;]<\/p>\n","protected":false},"author":2,"featured_media":61216,"comment_status":"open","ping_status":"open","sticky":false,"template":"","format":"standard","meta":{"tdm_status":"","tdm_grid_status":"","_joinchat":[],"footnotes":""},"categories":[63],"tags":[],"class_list":{"0":"post-72159","1":"post","2":"type-post","3":"status-publish","4":"format-standard","5":"has-post-thumbnail","7":"category-policiales"},"amp_enabled":true,"_links":{"self":[{"href":"https:\/\/www.todoeldia.com\/index.php\/wp-json\/wp\/v2\/posts\/72159","targetHints":{"allow":["GET"]}}],"collection":[{"href":"https:\/\/www.todoeldia.com\/index.php\/wp-json\/wp\/v2\/posts"}],"about":[{"href":"https:\/\/www.todoeldia.com\/index.php\/wp-json\/wp\/v2\/types\/post"}],"author":[{"embeddable":true,"href":"https:\/\/www.todoeldia.com\/index.php\/wp-json\/wp\/v2\/users\/2"}],"replies":[{"embeddable":true,"href":"https:\/\/www.todoeldia.com\/index.php\/wp-json\/wp\/v2\/comments?post=72159"}],"version-history":[{"count":1,"href":"https:\/\/www.todoeldia.com\/index.php\/wp-json\/wp\/v2\/posts\/72159\/revisions"}],"predecessor-version":[{"id":72160,"href":"https:\/\/www.todoeldia.com\/index.php\/wp-json\/wp\/v2\/posts\/72159\/revisions\/72160"}],"wp:featuredmedia":[{"embeddable":true,"href":"https:\/\/www.todoeldia.com\/index.php\/wp-json\/wp\/v2\/media\/61216"}],"wp:attachment":[{"href":"https:\/\/www.todoeldia.com\/index.php\/wp-json\/wp\/v2\/media?parent=72159"}],"wp:term":[{"taxonomy":"category","embeddable":true,"href":"https:\/\/www.todoeldia.com\/index.php\/wp-json\/wp\/v2\/categories?post=72159"},{"taxonomy":"post_tag","embeddable":true,"href":"https:\/\/www.todoeldia.com\/index.php\/wp-json\/wp\/v2\/tags?post=72159"}],"curies":[{"name":"wp","href":"https:\/\/api.w.org\/{rel}","templated":true}]}}