{"id":72162,"date":"2024-01-29T20:06:54","date_gmt":"2024-01-29T23:06:54","guid":{"rendered":"https:\/\/www.todoeldia.com\/?p=72162"},"modified":"2024-01-29T20:06:55","modified_gmt":"2024-01-29T23:06:55","slug":"saenz-no-se-encuentra-entre-los-gobernadores-dialoguistas-con-el-gobierno-de-milei","status":"publish","type":"post","link":"https:\/\/www.todoeldia.com\/index.php\/2024\/01\/29\/saenz-no-se-encuentra-entre-los-gobernadores-dialoguistas-con-el-gobierno-de-milei\/","title":{"rendered":"S\u00e1enz\u00a0 no se encuentra entre los gobernadores dialoguistas con el Gobierno de Milei"},"content":{"rendered":"\n<p>En la cumbre de este lunes, los gobernadores dialoguistas de la oposici\u00f3n se re\u00fanen con el ministro del Interior, Guillermo Francos, para negociar nuevas concesiones en la Ley \u00d3mnibus. Ganada la pulseada por las retenciones y la f\u00f3rmula jubilatoria, el foco est\u00e1 puesto ahora en las facultades delegadas, el Fondo de Garant\u00eda de Sustentabilidad de la Anses y los recursos coparticipables.<\/p>\n\n\n\n<p>El encuentro se realiza desde las 19:00 en el Consejo Federal de Inversiones (CFI) y, seg\u00fan pudo saber TN, est\u00e1n todas las provincias representadas como en el caso de Alfredo Cornejo, de Mendoza, que est\u00e1 de viaje. En la lista de participantes est\u00e1n Maximiliano Pullaro (Santa Fe), Jorge Macri (CABA), Rogelio Frigerio (Entre R\u00edos), Cornejo, Ignacio Torres (Chubut), Gustavo Vald\u00e9s (Corrientes), Claudio Poggi (San Luis), Marcelo Orrego (San Juan), Leandro Zdero (Chaco), Carlos Sadir (Jujuy), Mart\u00edn Llaryora (C\u00f3rdoba).<\/p>\n\n\n\n<p>Tambi\u00e9n se encuentran en la reuni\u00f3n los diputados Cristian Ritondo, Diego Santilli, Dami\u00e1n Arabia, Nicol\u00e1s Massot, Emilio Monz\u00f3, Ricardo L\u00f3pez Murphy, Soledad Carrizo, Lisandro Nieri, Rodrigo De Loredo y Miguel \u00c1ngel Pichetto.<\/p>\n\n\n\n<p>Al ingresar al encuentro, Torres confirm\u00f3 que \u201cfacultades delegadas es una de las cosas que se van a discutir\u201d en la reuni\u00f3n, as\u00ed como la coparticipaci\u00f3n de recursos y pidi\u00f3 \u201cno caer en una falsa grieta de gobernadores versus Naci\u00f3n\u201d.<\/p>\n","protected":false},"excerpt":{"rendered":"<p>En la cumbre de este lunes, los gobernadores dialoguistas de la oposici\u00f3n se re\u00fanen con el ministro del Interior, Guillermo Francos, para negociar nuevas concesiones en la Ley \u00d3mnibus. Ganada la pulseada por las retenciones y la f\u00f3rmula jubilatoria, el foco est\u00e1 puesto ahora en las facultades delegadas, el Fondo de Garant\u00eda de Sustentabilidad de [&hellip;]<\/p>\n","protected":false},"author":2,"featured_media":72163,"comment_status":"open","ping_status":"open","sticky":false,"template":"","format":"standard","meta":{"tdm_status":"","tdm_grid_status":"","_joinchat":[],"footnotes":""},"categories":[59],"tags":[],"class_list":{"0":"post-72162","1":"post","2":"type-post","3":"status-publish","4":"format-standard","5":"has-post-thumbnail","7":"category-politica"},"amp_enabled":true,"_links":{"self":[{"href":"https:\/\/www.todoeldia.com\/index.php\/wp-json\/wp\/v2\/posts\/72162","targetHints":{"allow":["GET"]}}],"collection":[{"href":"https:\/\/www.todoeldia.com\/index.php\/wp-json\/wp\/v2\/posts"}],"about":[{"href":"https:\/\/www.todoeldia.com\/index.php\/wp-json\/wp\/v2\/types\/post"}],"author":[{"embeddable":true,"href":"https:\/\/www.todoeldia.com\/index.php\/wp-json\/wp\/v2\/users\/2"}],"replies":[{"embeddable":true,"href":"https:\/\/www.todoeldia.com\/index.php\/wp-json\/wp\/v2\/comments?post=72162"}],"version-history":[{"count":1,"href":"https:\/\/www.todoeldia.com\/index.php\/wp-json\/wp\/v2\/posts\/72162\/revisions"}],"predecessor-version":[{"id":72164,"href":"https:\/\/www.todoeldia.com\/index.php\/wp-json\/wp\/v2\/posts\/72162\/revisions\/72164"}],"wp:featuredmedia":[{"embeddable":true,"href":"https:\/\/www.todoeldia.com\/index.php\/wp-json\/wp\/v2\/media\/72163"}],"wp:attachment":[{"href":"https:\/\/www.todoeldia.com\/index.php\/wp-json\/wp\/v2\/media?parent=72162"}],"wp:term":[{"taxonomy":"category","embeddable":true,"href":"https:\/\/www.todoeldia.com\/index.php\/wp-json\/wp\/v2\/categories?post=72162"},{"taxonomy":"post_tag","embeddable":true,"href":"https:\/\/www.todoeldia.com\/index.php\/wp-json\/wp\/v2\/tags?post=72162"}],"curies":[{"name":"wp","href":"https:\/\/api.w.org\/{rel}","templated":true}]}}