{"id":72180,"date":"2024-01-29T22:37:06","date_gmt":"2024-01-30T01:37:06","guid":{"rendered":"https:\/\/www.todoeldia.com\/?p=72180"},"modified":"2024-01-29T22:52:46","modified_gmt":"2024-01-30T01:52:46","slug":"joven-de-20-anos-muere-apunalado-en-el-centro-de-tartagal","status":"publish","type":"post","link":"https:\/\/www.todoeldia.com\/index.php\/2024\/01\/29\/joven-de-20-anos-muere-apunalado-en-el-centro-de-tartagal\/","title":{"rendered":"Joven de 20 a\u00f1os muere apu\u00f1alado en el centro de Tartagal"},"content":{"rendered":"\n<p>El tr\u00e1gico suceso ocurri\u00f3 cerca de las 19.30 en la avenida Alberdi entre 24 de setiembre y Am\u00e9rica<\/p>\n\n\n\n<p>El joven recibi\u00f3 una herida mortal, fue trasladado al hospital Juan Domingo Per\u00f3n, pero falleci\u00f3 minutos despu\u00e9s de su ingreso.<\/p>\n\n\n\n<figure class=\"wp-block-image size-full is-resized\"><img loading=\"lazy\" decoding=\"async\" width=\"857\" height=\"505\" src=\"https:\/\/www.todoeldia.com\/wp-content\/uploads\/2024\/01\/asesino-en-tartagal.jpg\" alt=\"\" class=\"wp-image-72184\" style=\"width:1068px;height:auto\" srcset=\"https:\/\/www.todoeldia.com\/wp-content\/uploads\/2024\/01\/asesino-en-tartagal.jpg 857w, https:\/\/www.todoeldia.com\/wp-content\/uploads\/2024\/01\/asesino-en-tartagal-300x177.jpg 300w, https:\/\/www.todoeldia.com\/wp-content\/uploads\/2024\/01\/asesino-en-tartagal-768x453.jpg 768w, https:\/\/www.todoeldia.com\/wp-content\/uploads\/2024\/01\/asesino-en-tartagal-696x410.jpg 696w, https:\/\/www.todoeldia.com\/wp-content\/uploads\/2024\/01\/asesino-en-tartagal-713x420.jpg 713w\" sizes=\"auto, (max-width: 857px) 100vw, 857px\" \/><\/figure>\n\n\n\n<p><strong>Momento en que es detenido el homicida del j\u00f3ven<\/strong><\/p>\n\n\n\n<p>No fue identificado a\u00fan, y su cuerpo permanece en la morgue del establecimiento asistencial. Las primeras versiones se\u00f1alan que se trata de un joven en situaci\u00f3n de calle y adicto a las drogas y que habr\u00eda sido apu\u00f1alado por un hombre mayor de edad que fue detenido en el lugar.<\/p>\n","protected":false},"excerpt":{"rendered":"<p>El tr\u00e1gico suceso ocurri\u00f3 cerca de las 19.30 en la avenida Alberdi entre 24 de setiembre y Am\u00e9rica El joven recibi\u00f3 una herida mortal, fue trasladado al hospital Juan Domingo Per\u00f3n, pero falleci\u00f3 minutos despu\u00e9s de su ingreso. Momento en que es detenido el homicida del j\u00f3ven No fue identificado a\u00fan, y su cuerpo permanece [&hellip;]<\/p>\n","protected":false},"author":2,"featured_media":27166,"comment_status":"open","ping_status":"open","sticky":false,"template":"","format":"standard","meta":{"tdm_status":"","tdm_grid_status":"","_joinchat":[],"footnotes":""},"categories":[63],"tags":[],"class_list":{"0":"post-72180","1":"post","2":"type-post","3":"status-publish","4":"format-standard","5":"has-post-thumbnail","7":"category-policiales"},"amp_enabled":true,"_links":{"self":[{"href":"https:\/\/www.todoeldia.com\/index.php\/wp-json\/wp\/v2\/posts\/72180","targetHints":{"allow":["GET"]}}],"collection":[{"href":"https:\/\/www.todoeldia.com\/index.php\/wp-json\/wp\/v2\/posts"}],"about":[{"href":"https:\/\/www.todoeldia.com\/index.php\/wp-json\/wp\/v2\/types\/post"}],"author":[{"embeddable":true,"href":"https:\/\/www.todoeldia.com\/index.php\/wp-json\/wp\/v2\/users\/2"}],"replies":[{"embeddable":true,"href":"https:\/\/www.todoeldia.com\/index.php\/wp-json\/wp\/v2\/comments?post=72180"}],"version-history":[{"count":2,"href":"https:\/\/www.todoeldia.com\/index.php\/wp-json\/wp\/v2\/posts\/72180\/revisions"}],"predecessor-version":[{"id":72185,"href":"https:\/\/www.todoeldia.com\/index.php\/wp-json\/wp\/v2\/posts\/72180\/revisions\/72185"}],"wp:featuredmedia":[{"embeddable":true,"href":"https:\/\/www.todoeldia.com\/index.php\/wp-json\/wp\/v2\/media\/27166"}],"wp:attachment":[{"href":"https:\/\/www.todoeldia.com\/index.php\/wp-json\/wp\/v2\/media?parent=72180"}],"wp:term":[{"taxonomy":"category","embeddable":true,"href":"https:\/\/www.todoeldia.com\/index.php\/wp-json\/wp\/v2\/categories?post=72180"},{"taxonomy":"post_tag","embeddable":true,"href":"https:\/\/www.todoeldia.com\/index.php\/wp-json\/wp\/v2\/tags?post=72180"}],"curies":[{"name":"wp","href":"https:\/\/api.w.org\/{rel}","templated":true}]}}