{"id":72194,"date":"2024-01-30T10:34:29","date_gmt":"2024-01-30T13:34:29","guid":{"rendered":"https:\/\/www.todoeldia.com\/?p=72194"},"modified":"2024-01-30T10:34:29","modified_gmt":"2024-01-30T13:34:29","slug":"encontraron-en-cafayate-a-la-joven-alemana-reportada-como-desaparecida","status":"publish","type":"post","link":"https:\/\/www.todoeldia.com\/index.php\/2024\/01\/30\/encontraron-en-cafayate-a-la-joven-alemana-reportada-como-desaparecida\/","title":{"rendered":"Encontraron en Cafayate a la joven alemana reportada como desaparecida"},"content":{"rendered":"\n<p>La mujer hab\u00eda ingresado al pa\u00eds de manera ilegal junto a un ciudadano argentino el pasado mes de diciembre y al ausentarse sin aviso de su domicilio, \u00e9ste la report\u00f3 como desaparecida. Fue localizada en la plaza de Cafayate y puesta a disposici\u00f3n de la Direcci\u00f3n de Migraciones.<\/p>\n\n\n\n<p>El fiscal penal Daniel Escalante, interino en la Fiscal\u00eda Penal de Cerrillos en feria, inici\u00f3 una investigaci\u00f3n a partir de la denuncia radicada por un hombre mayor de edad de esa jurisdicci\u00f3n respecto a la desaparici\u00f3n de una mujer alemana de 23 a\u00f1os, identificada como Nathalie Sophia Schofeld, con la que hab\u00eda ingresado al pa\u00eds por la frontera con Bolivia el pasado mes de diciembre y a qui\u00e9n hab\u00eda alojado en su vivienda.<\/p>\n\n\n\n<p>Desde la Fiscal\u00eda se activ\u00f3 el protocolo de b\u00fasqueda de la mujer y finalmente fue localizada este lunes por la tarde en la plaza de la ciudad de Cafayate junto a otras personas que vend\u00edan artesan\u00edas.<\/p>\n\n\n\n<p>Al verificarse que la mujer no pose\u00eda pasaporte y que no se hab\u00eda registrado su ingreso a la Rep\u00fablica Argentina, se dio intervenci\u00f3n al Consulado de Alemania y a la Direcci\u00f3n Nacional de Migraciones.<\/p>\n\n\n\n<p>El fiscal Escalante adem\u00e1s se\u00f1al\u00f3 que la mujer ya fue puesta en contacto con sus familiares para notificarles que se encuentra en buen estado de salud.<\/p>\n","protected":false},"excerpt":{"rendered":"<p>La mujer hab\u00eda ingresado al pa\u00eds de manera ilegal junto a un ciudadano argentino el pasado mes de diciembre y al ausentarse sin aviso de su domicilio, \u00e9ste la report\u00f3 como desaparecida. Fue localizada en la plaza de Cafayate y puesta a disposici\u00f3n de la Direcci\u00f3n de Migraciones. El fiscal penal Daniel Escalante, interino en [&hellip;]<\/p>\n","protected":false},"author":2,"featured_media":72195,"comment_status":"open","ping_status":"open","sticky":false,"template":"","format":"standard","meta":{"tdm_status":"","tdm_grid_status":"","_joinchat":[],"footnotes":""},"categories":[73],"tags":[],"class_list":{"0":"post-72194","1":"post","2":"type-post","3":"status-publish","4":"format-standard","5":"has-post-thumbnail","7":"category-noticias-general"},"amp_enabled":true,"_links":{"self":[{"href":"https:\/\/www.todoeldia.com\/index.php\/wp-json\/wp\/v2\/posts\/72194","targetHints":{"allow":["GET"]}}],"collection":[{"href":"https:\/\/www.todoeldia.com\/index.php\/wp-json\/wp\/v2\/posts"}],"about":[{"href":"https:\/\/www.todoeldia.com\/index.php\/wp-json\/wp\/v2\/types\/post"}],"author":[{"embeddable":true,"href":"https:\/\/www.todoeldia.com\/index.php\/wp-json\/wp\/v2\/users\/2"}],"replies":[{"embeddable":true,"href":"https:\/\/www.todoeldia.com\/index.php\/wp-json\/wp\/v2\/comments?post=72194"}],"version-history":[{"count":1,"href":"https:\/\/www.todoeldia.com\/index.php\/wp-json\/wp\/v2\/posts\/72194\/revisions"}],"predecessor-version":[{"id":72196,"href":"https:\/\/www.todoeldia.com\/index.php\/wp-json\/wp\/v2\/posts\/72194\/revisions\/72196"}],"wp:featuredmedia":[{"embeddable":true,"href":"https:\/\/www.todoeldia.com\/index.php\/wp-json\/wp\/v2\/media\/72195"}],"wp:attachment":[{"href":"https:\/\/www.todoeldia.com\/index.php\/wp-json\/wp\/v2\/media?parent=72194"}],"wp:term":[{"taxonomy":"category","embeddable":true,"href":"https:\/\/www.todoeldia.com\/index.php\/wp-json\/wp\/v2\/categories?post=72194"},{"taxonomy":"post_tag","embeddable":true,"href":"https:\/\/www.todoeldia.com\/index.php\/wp-json\/wp\/v2\/tags?post=72194"}],"curies":[{"name":"wp","href":"https:\/\/api.w.org\/{rel}","templated":true}]}}