{"id":72197,"date":"2024-01-30T11:04:35","date_gmt":"2024-01-30T14:04:35","guid":{"rendered":"https:\/\/www.todoeldia.com\/?p=72197"},"modified":"2024-01-30T11:04:35","modified_gmt":"2024-01-30T14:04:35","slug":"un-ex-preso-de-villa-las-rosas-y-su-pareja-detenidos-por-vender-drogas-en-la-carcel","status":"publish","type":"post","link":"https:\/\/www.todoeldia.com\/index.php\/2024\/01\/30\/un-ex-preso-de-villa-las-rosas-y-su-pareja-detenidos-por-vender-drogas-en-la-carcel\/","title":{"rendered":"Un ex preso de Villa Las Rosas y su pareja detenidos por vender drogas en la c\u00e1rcel"},"content":{"rendered":"\n<p>La pareja se neg\u00f3 a prestar declaraci\u00f3n. Se les acusa del delito de comercializaci\u00f3n agravada de estupefacientes en un lugar de detenci\u00f3n.<\/p>\n\n\n\n<p>La Unidad Fiscal integrada por el procurador General de la Provincia de Salta Pedro Garc\u00eda Castilla, y los fiscales Ana In\u00e9s Salinas Odorisio y Santiago L\u00f3pez Soto imput\u00f3 provisionalmente a un hombre y una mujer por el delito de comercializaci\u00f3n agravada de estupefacientes por ser cometida en lugar de detenci\u00f3n.<\/p>\n\n\n\n<p>Durante la audiencia, ambos fueron asistidos por un abogado particular y se negaron a prestar declaraci\u00f3n. Desde la Unidad Fiscal se solicit\u00f3 la prisi\u00f3n preventiva de la pareja.<\/p>\n\n\n\n<p>El hombre y la mujer fueron detenidos el jueves 25 de enero en el marco de la causa en la que el Ministerio P\u00fablico Fiscal investiga a funcionarios del Servicio Penitenciario que habr\u00edan exigido dinero a cambio de otorgar ciertos beneficios o permitido el ingreso de elementos prohibidos y estupefacientes para personas detenidas.<\/p>\n\n\n\n<p>Los imputados son un ex interno de la Unidad Carcelaria 1 y su pareja. Ambos se encuentran alojados en la Alcaid\u00eda General de la Ciudad de Salta.<\/p>\n","protected":false},"excerpt":{"rendered":"<p>La pareja se neg\u00f3 a prestar declaraci\u00f3n. Se les acusa del delito de comercializaci\u00f3n agravada de estupefacientes en un lugar de detenci\u00f3n. La Unidad Fiscal integrada por el procurador General de la Provincia de Salta Pedro Garc\u00eda Castilla, y los fiscales Ana In\u00e9s Salinas Odorisio y Santiago L\u00f3pez Soto imput\u00f3 provisionalmente a un hombre y [&hellip;]<\/p>\n","protected":false},"author":2,"featured_media":39824,"comment_status":"open","ping_status":"open","sticky":false,"template":"","format":"standard","meta":{"tdm_status":"","tdm_grid_status":"","_joinchat":[],"footnotes":""},"categories":[63],"tags":[],"class_list":{"0":"post-72197","1":"post","2":"type-post","3":"status-publish","4":"format-standard","5":"has-post-thumbnail","7":"category-policiales"},"amp_enabled":true,"_links":{"self":[{"href":"https:\/\/www.todoeldia.com\/index.php\/wp-json\/wp\/v2\/posts\/72197","targetHints":{"allow":["GET"]}}],"collection":[{"href":"https:\/\/www.todoeldia.com\/index.php\/wp-json\/wp\/v2\/posts"}],"about":[{"href":"https:\/\/www.todoeldia.com\/index.php\/wp-json\/wp\/v2\/types\/post"}],"author":[{"embeddable":true,"href":"https:\/\/www.todoeldia.com\/index.php\/wp-json\/wp\/v2\/users\/2"}],"replies":[{"embeddable":true,"href":"https:\/\/www.todoeldia.com\/index.php\/wp-json\/wp\/v2\/comments?post=72197"}],"version-history":[{"count":1,"href":"https:\/\/www.todoeldia.com\/index.php\/wp-json\/wp\/v2\/posts\/72197\/revisions"}],"predecessor-version":[{"id":72198,"href":"https:\/\/www.todoeldia.com\/index.php\/wp-json\/wp\/v2\/posts\/72197\/revisions\/72198"}],"wp:featuredmedia":[{"embeddable":true,"href":"https:\/\/www.todoeldia.com\/index.php\/wp-json\/wp\/v2\/media\/39824"}],"wp:attachment":[{"href":"https:\/\/www.todoeldia.com\/index.php\/wp-json\/wp\/v2\/media?parent=72197"}],"wp:term":[{"taxonomy":"category","embeddable":true,"href":"https:\/\/www.todoeldia.com\/index.php\/wp-json\/wp\/v2\/categories?post=72197"},{"taxonomy":"post_tag","embeddable":true,"href":"https:\/\/www.todoeldia.com\/index.php\/wp-json\/wp\/v2\/tags?post=72197"}],"curies":[{"name":"wp","href":"https:\/\/api.w.org\/{rel}","templated":true}]}}