{"id":72199,"date":"2024-01-30T11:10:41","date_gmt":"2024-01-30T14:10:41","guid":{"rendered":"https:\/\/www.todoeldia.com\/?p=72199"},"modified":"2024-01-30T11:10:41","modified_gmt":"2024-01-30T14:10:41","slug":"trastornado-ira-9-anos-a-la-carcel-por-amenazas-coaccion-abuso-sexual-y-lesiones-a-su-expareja","status":"publish","type":"post","link":"https:\/\/www.todoeldia.com\/index.php\/2024\/01\/30\/trastornado-ira-9-anos-a-la-carcel-por-amenazas-coaccion-abuso-sexual-y-lesiones-a-su-expareja\/","title":{"rendered":"Trastornado ir\u00e1 9 a\u00f1os a la c\u00e1rcel por amenazas, coacci\u00f3n, abuso sexual y lesiones a su expareja"},"content":{"rendered":"\n<p>La fiscal Penal de Violencia Familiar y de G\u00e9nero de Or\u00e1n, Soledad Filtr\u00edn Cuezzo, represent\u00f3 al Ministerio P\u00fablico Fiscal en la audiencia debate en la que un hombre de 30 a\u00f1os fue condenado a nueve a\u00f1os de prisi\u00f3n de ejecuci\u00f3n efectiva por los delitos de amenaza simple, lesiones agravadas por existir relaci\u00f3n de pareja y mediar violencia de g\u00e9nero, abuso sexual con acceso carnal (3 hechos) y coacci\u00f3n, en concurso real.<\/p>\n\n\n\n<p>El 12 de diciembre de 2022, una mujer denunci\u00f3 que su expareja se hab\u00eda presentado en el inquilinato en el que viv\u00eda y la hab\u00eda amenazado.<\/p>\n\n\n\n<p>En sede fiscal, la mujer, de 20 a\u00f1os, cont\u00f3 que, entre junio y diciembre de 2022 hab\u00eda sido v\u00edctima de abusos sexuales y violencia de g\u00e9nero por parte del hombre. Esto motiv\u00f3 su decisi\u00f3n de huir y alquilar una habitaci\u00f3n para vivir.<\/p>\n\n\n\n<p>Explic\u00f3 que el hombre no aceptaba el fin de la relaci\u00f3n y present\u00f3 en la pensi\u00f3n en la que resid\u00eda, generado disturbios. Incluso lleg\u00f3 a amenazarla con la intenci\u00f3n de que regresara al domicilio que compart\u00edan.<\/p>\n","protected":false},"excerpt":{"rendered":"<p>La fiscal Penal de Violencia Familiar y de G\u00e9nero de Or\u00e1n, Soledad Filtr\u00edn Cuezzo, represent\u00f3 al Ministerio P\u00fablico Fiscal en la audiencia debate en la que un hombre de 30 a\u00f1os fue condenado a nueve a\u00f1os de prisi\u00f3n de ejecuci\u00f3n efectiva por los delitos de amenaza simple, lesiones agravadas por existir relaci\u00f3n de pareja y [&hellip;]<\/p>\n","protected":false},"author":2,"featured_media":38779,"comment_status":"open","ping_status":"open","sticky":false,"template":"","format":"standard","meta":{"tdm_status":"","tdm_grid_status":"","_joinchat":[],"footnotes":""},"categories":[63],"tags":[],"class_list":{"0":"post-72199","1":"post","2":"type-post","3":"status-publish","4":"format-standard","5":"has-post-thumbnail","7":"category-policiales"},"amp_enabled":true,"_links":{"self":[{"href":"https:\/\/www.todoeldia.com\/index.php\/wp-json\/wp\/v2\/posts\/72199","targetHints":{"allow":["GET"]}}],"collection":[{"href":"https:\/\/www.todoeldia.com\/index.php\/wp-json\/wp\/v2\/posts"}],"about":[{"href":"https:\/\/www.todoeldia.com\/index.php\/wp-json\/wp\/v2\/types\/post"}],"author":[{"embeddable":true,"href":"https:\/\/www.todoeldia.com\/index.php\/wp-json\/wp\/v2\/users\/2"}],"replies":[{"embeddable":true,"href":"https:\/\/www.todoeldia.com\/index.php\/wp-json\/wp\/v2\/comments?post=72199"}],"version-history":[{"count":1,"href":"https:\/\/www.todoeldia.com\/index.php\/wp-json\/wp\/v2\/posts\/72199\/revisions"}],"predecessor-version":[{"id":72200,"href":"https:\/\/www.todoeldia.com\/index.php\/wp-json\/wp\/v2\/posts\/72199\/revisions\/72200"}],"wp:featuredmedia":[{"embeddable":true,"href":"https:\/\/www.todoeldia.com\/index.php\/wp-json\/wp\/v2\/media\/38779"}],"wp:attachment":[{"href":"https:\/\/www.todoeldia.com\/index.php\/wp-json\/wp\/v2\/media?parent=72199"}],"wp:term":[{"taxonomy":"category","embeddable":true,"href":"https:\/\/www.todoeldia.com\/index.php\/wp-json\/wp\/v2\/categories?post=72199"},{"taxonomy":"post_tag","embeddable":true,"href":"https:\/\/www.todoeldia.com\/index.php\/wp-json\/wp\/v2\/tags?post=72199"}],"curies":[{"name":"wp","href":"https:\/\/api.w.org\/{rel}","templated":true}]}}