{"id":72208,"date":"2024-01-30T14:28:45","date_gmt":"2024-01-30T17:28:45","guid":{"rendered":"https:\/\/www.todoeldia.com\/?p=72208"},"modified":"2024-01-30T14:28:45","modified_gmt":"2024-01-30T17:28:45","slug":"el-pichichi-daniel-scioli-sera-el-secretario-de-turismo-deportes-y-ambiente-de-milei","status":"publish","type":"post","link":"https:\/\/www.todoeldia.com\/index.php\/2024\/01\/30\/el-pichichi-daniel-scioli-sera-el-secretario-de-turismo-deportes-y-ambiente-de-milei\/","title":{"rendered":"El \u201cPichichi\u201d Daniel Scioli ser\u00e1 el secretario de Turismo, Deportes y Ambiente de Milei"},"content":{"rendered":"\n<p>La decisi\u00f3n la anunci\u00f3 el ministro Francos e implica el ingreso al Gabinete de una figura de alto perfil. Semanas atr\u00e1s hab\u00edan enviado su pliego para que continuara como embajador en Brasil.<\/p>\n\n\n\n<p>El presidente Javier Milei design\u00f3 a Daniel Scioli como secretario de Turismo, Ambiente y Deportes. La decisi\u00f3n fue oficializada por el ministro del Interior, Guillermo Francos, quien difundi\u00f3 una foto con el flamante funcionario y el jefe de Estado.<\/p>\n\n\n\n<p>El regreso al Poder Ejecutivo de Scioli se anunci\u00f3 este mediod\u00eda y confirm\u00f3 las versiones y rumores que ven\u00edan desde hace varias semanas de su incorporaci\u00f3n al Gabinete de La Libertad Avanza, que tiene funcionarios en su mayor\u00eda de bajo perfil y escaso contacto con los medios. A su vez, es un espaldarazo tambi\u00e9n a Francos, que hab\u00eda quedado bajo fuego cruzado por las negociaciones con los gobernadores y diputados dialoguistas por la \u201cLey \u00d3mnibus\u201d.<\/p>\n","protected":false},"excerpt":{"rendered":"<p>La decisi\u00f3n la anunci\u00f3 el ministro Francos e implica el ingreso al Gabinete de una figura de alto perfil. Semanas atr\u00e1s hab\u00edan enviado su pliego para que continuara como embajador en Brasil. El presidente Javier Milei design\u00f3 a Daniel Scioli como secretario de Turismo, Ambiente y Deportes. La decisi\u00f3n fue oficializada por el ministro del [&hellip;]<\/p>\n","protected":false},"author":2,"featured_media":72209,"comment_status":"open","ping_status":"open","sticky":false,"template":"","format":"standard","meta":{"tdm_status":"","tdm_grid_status":"","_joinchat":[],"footnotes":""},"categories":[59],"tags":[],"class_list":{"0":"post-72208","1":"post","2":"type-post","3":"status-publish","4":"format-standard","5":"has-post-thumbnail","7":"category-politica"},"amp_enabled":true,"_links":{"self":[{"href":"https:\/\/www.todoeldia.com\/index.php\/wp-json\/wp\/v2\/posts\/72208","targetHints":{"allow":["GET"]}}],"collection":[{"href":"https:\/\/www.todoeldia.com\/index.php\/wp-json\/wp\/v2\/posts"}],"about":[{"href":"https:\/\/www.todoeldia.com\/index.php\/wp-json\/wp\/v2\/types\/post"}],"author":[{"embeddable":true,"href":"https:\/\/www.todoeldia.com\/index.php\/wp-json\/wp\/v2\/users\/2"}],"replies":[{"embeddable":true,"href":"https:\/\/www.todoeldia.com\/index.php\/wp-json\/wp\/v2\/comments?post=72208"}],"version-history":[{"count":1,"href":"https:\/\/www.todoeldia.com\/index.php\/wp-json\/wp\/v2\/posts\/72208\/revisions"}],"predecessor-version":[{"id":72210,"href":"https:\/\/www.todoeldia.com\/index.php\/wp-json\/wp\/v2\/posts\/72208\/revisions\/72210"}],"wp:featuredmedia":[{"embeddable":true,"href":"https:\/\/www.todoeldia.com\/index.php\/wp-json\/wp\/v2\/media\/72209"}],"wp:attachment":[{"href":"https:\/\/www.todoeldia.com\/index.php\/wp-json\/wp\/v2\/media?parent=72208"}],"wp:term":[{"taxonomy":"category","embeddable":true,"href":"https:\/\/www.todoeldia.com\/index.php\/wp-json\/wp\/v2\/categories?post=72208"},{"taxonomy":"post_tag","embeddable":true,"href":"https:\/\/www.todoeldia.com\/index.php\/wp-json\/wp\/v2\/tags?post=72208"}],"curies":[{"name":"wp","href":"https:\/\/api.w.org\/{rel}","templated":true}]}}