{"id":72211,"date":"2024-01-30T14:42:53","date_gmt":"2024-01-30T17:42:53","guid":{"rendered":"https:\/\/www.todoeldia.com\/?p=72211"},"modified":"2024-01-30T14:42:54","modified_gmt":"2024-01-30T17:42:54","slug":"le-llevo-a-un-preso-un-guiso-de-arroz-en-un-pote-de-grido-que-tenia-un-doble-fondo-con-marihuana","status":"publish","type":"post","link":"https:\/\/www.todoeldia.com\/index.php\/2024\/01\/30\/le-llevo-a-un-preso-un-guiso-de-arroz-en-un-pote-de-grido-que-tenia-un-doble-fondo-con-marihuana\/","title":{"rendered":"Le llev\u00f3 a un preso un guiso de arroz en un pote de Grido que ten\u00eda un doble fondo con marihuana"},"content":{"rendered":"\n<p>Efectivos del Destacamento de Alto Verde demoraron a un hombre que intent\u00f3 ingresar sustancias estupefacientes ocultas en el interior de un t\u00e1per con alimento, destinado para una persona alojada en esa dependencia.<\/p>\n\n\n\n<p>Ayer, en la localidad de Salvador Mazza, un familiar de una persona que se encuentra alojada en la dependencia de Alto Verde, qued\u00f3 a disposici\u00f3n de la justicia, luego que efectivos policiales revisaran los alimentos que intentaba ingresar.<\/p>\n\n\n\n<p>Al verificar el recipiente con alimento, los uniformados hallaron sustancia vegetal disecada dispersa en un doble fondo, por su caracter\u00edstica de olor y color advirtieron que se tratar\u00eda de marihuana, por lo que se dio intervenci\u00f3n a la Divisi\u00f3n Drogas Peligrosas Tartagal, quienes realizaron el correspondiente Narcotest, arrojando resultado positivo para marihuana.<\/p>\n\n\n\n<p>De inmediato se procedi\u00f3 a la demora de un hombre 25 a\u00f1os, quien fue puesto a disposici\u00f3n de la Fiscal\u00eda Penal de la zona.<\/p>\n","protected":false},"excerpt":{"rendered":"<p>Efectivos del Destacamento de Alto Verde demoraron a un hombre que intent\u00f3 ingresar sustancias estupefacientes ocultas en el interior de un t\u00e1per con alimento, destinado para una persona alojada en esa dependencia. Ayer, en la localidad de Salvador Mazza, un familiar de una persona que se encuentra alojada en la dependencia de Alto Verde, qued\u00f3 [&hellip;]<\/p>\n","protected":false},"author":2,"featured_media":72212,"comment_status":"open","ping_status":"open","sticky":false,"template":"","format":"standard","meta":{"tdm_status":"","tdm_grid_status":"","_joinchat":[],"footnotes":""},"categories":[63],"tags":[],"class_list":{"0":"post-72211","1":"post","2":"type-post","3":"status-publish","4":"format-standard","5":"has-post-thumbnail","7":"category-policiales"},"amp_enabled":true,"_links":{"self":[{"href":"https:\/\/www.todoeldia.com\/index.php\/wp-json\/wp\/v2\/posts\/72211","targetHints":{"allow":["GET"]}}],"collection":[{"href":"https:\/\/www.todoeldia.com\/index.php\/wp-json\/wp\/v2\/posts"}],"about":[{"href":"https:\/\/www.todoeldia.com\/index.php\/wp-json\/wp\/v2\/types\/post"}],"author":[{"embeddable":true,"href":"https:\/\/www.todoeldia.com\/index.php\/wp-json\/wp\/v2\/users\/2"}],"replies":[{"embeddable":true,"href":"https:\/\/www.todoeldia.com\/index.php\/wp-json\/wp\/v2\/comments?post=72211"}],"version-history":[{"count":1,"href":"https:\/\/www.todoeldia.com\/index.php\/wp-json\/wp\/v2\/posts\/72211\/revisions"}],"predecessor-version":[{"id":72213,"href":"https:\/\/www.todoeldia.com\/index.php\/wp-json\/wp\/v2\/posts\/72211\/revisions\/72213"}],"wp:featuredmedia":[{"embeddable":true,"href":"https:\/\/www.todoeldia.com\/index.php\/wp-json\/wp\/v2\/media\/72212"}],"wp:attachment":[{"href":"https:\/\/www.todoeldia.com\/index.php\/wp-json\/wp\/v2\/media?parent=72211"}],"wp:term":[{"taxonomy":"category","embeddable":true,"href":"https:\/\/www.todoeldia.com\/index.php\/wp-json\/wp\/v2\/categories?post=72211"},{"taxonomy":"post_tag","embeddable":true,"href":"https:\/\/www.todoeldia.com\/index.php\/wp-json\/wp\/v2\/tags?post=72211"}],"curies":[{"name":"wp","href":"https:\/\/api.w.org\/{rel}","templated":true}]}}