{"id":72225,"date":"2024-01-30T20:18:42","date_gmt":"2024-01-30T23:18:42","guid":{"rendered":"https:\/\/www.todoeldia.com\/?p=72225"},"modified":"2024-01-30T20:24:34","modified_gmt":"2024-01-30T23:24:34","slug":"nena-de-7-anos-no-queria-volver-a-su-casa-porque-el-padre-abusa-de-ella-y-su-hermano","status":"publish","type":"post","link":"https:\/\/www.todoeldia.com\/index.php\/2024\/01\/30\/nena-de-7-anos-no-queria-volver-a-su-casa-porque-el-padre-abusa-de-ella-y-su-hermano\/","title":{"rendered":"Nena de 7 a\u00f1os no quer\u00eda volver a su casa porque el padre abusaba de ella y su hermano"},"content":{"rendered":"\n<p>Adem\u00e1s del progenitor, otro hombre fue imputado por el abuso sexual simple de la ni\u00f1a de 7 a\u00f1os. La menor relat\u00f3 los hechos al negarse a regresar a su casa.<\/p>\n\n\n\n<p>La fiscal Penal de Violencia Familiar y de G\u00e9nero de Or\u00e1n, Soledad Filtr\u00edn Cuezzo, imput\u00f3 provisionalmente a un hombre por los delitos de abuso sexual con acceso carnal continuado agravado por haber sido cometido por un ascendente, por la guarda y la convivencia, en perjuicio de su hija de siete a\u00f1os de edad; y por abuso sexual simple continuado agravado por haber sido cometido por un ascendente, por la guarda y la convivencia en perjuicio de su hijo de nueve a\u00f1os.<\/p>\n\n\n\n<p>Adem\u00e1s, otro hombre fue imputado provisionalmente por el delito de abuso sexual simple de la ni\u00f1a de siete a\u00f1os.<\/p>\n\n\n\n<p>La intervenci\u00f3n de la Fiscal\u00eda inici\u00f3 luego de que el jueves 25 de enero una mujer denunciara haber tomado conocimiento que dos ni\u00f1os eran abusados sexualmente.<\/p>\n\n\n\n<p>La denunciante cont\u00f3 que, por solidaridad ante la situaci\u00f3n econ\u00f3mica, invitaba a comer a los ni\u00f1os a su casa y fue all\u00ed que la ni\u00f1a le dijo que no quer\u00eda regresar con su pap\u00e1 porque abusaba sexualmente de ella y de su hermano.<\/p>\n\n\n\n<p>La menor relat\u00f3 adem\u00e1s que otro hombre del barrio en el que reside, la llevaba a un descampado y la somet\u00eda a tocamientos.<\/p>\n\n\n\n<p>La fiscal Filtr\u00edn Cuezzo orden\u00f3 distintas medidas a fin de brindar contenci\u00f3n a las v\u00edctimas y solicit\u00f3 que fueran examinado por m\u00e9dicos del Cuerpo de Investigaciones Fiscales (CIF).&nbsp; Tras recibir los informes, solicit\u00f3 la detenci\u00f3n de los involucrados y su posterior imputaci\u00f3n.<\/p>\n","protected":false},"excerpt":{"rendered":"<p>Adem\u00e1s del progenitor, otro hombre fue imputado por el abuso sexual simple de la ni\u00f1a de 7 a\u00f1os. La menor relat\u00f3 los hechos al negarse a regresar a su casa. La fiscal Penal de Violencia Familiar y de G\u00e9nero de Or\u00e1n, Soledad Filtr\u00edn Cuezzo, imput\u00f3 provisionalmente a un hombre por los delitos de abuso sexual [&hellip;]<\/p>\n","protected":false},"author":2,"featured_media":47651,"comment_status":"open","ping_status":"open","sticky":false,"template":"","format":"standard","meta":{"tdm_status":"","tdm_grid_status":"","_joinchat":[],"footnotes":""},"categories":[63],"tags":[],"class_list":{"0":"post-72225","1":"post","2":"type-post","3":"status-publish","4":"format-standard","5":"has-post-thumbnail","7":"category-policiales"},"amp_enabled":true,"_links":{"self":[{"href":"https:\/\/www.todoeldia.com\/index.php\/wp-json\/wp\/v2\/posts\/72225","targetHints":{"allow":["GET"]}}],"collection":[{"href":"https:\/\/www.todoeldia.com\/index.php\/wp-json\/wp\/v2\/posts"}],"about":[{"href":"https:\/\/www.todoeldia.com\/index.php\/wp-json\/wp\/v2\/types\/post"}],"author":[{"embeddable":true,"href":"https:\/\/www.todoeldia.com\/index.php\/wp-json\/wp\/v2\/users\/2"}],"replies":[{"embeddable":true,"href":"https:\/\/www.todoeldia.com\/index.php\/wp-json\/wp\/v2\/comments?post=72225"}],"version-history":[{"count":2,"href":"https:\/\/www.todoeldia.com\/index.php\/wp-json\/wp\/v2\/posts\/72225\/revisions"}],"predecessor-version":[{"id":72230,"href":"https:\/\/www.todoeldia.com\/index.php\/wp-json\/wp\/v2\/posts\/72225\/revisions\/72230"}],"wp:featuredmedia":[{"embeddable":true,"href":"https:\/\/www.todoeldia.com\/index.php\/wp-json\/wp\/v2\/media\/47651"}],"wp:attachment":[{"href":"https:\/\/www.todoeldia.com\/index.php\/wp-json\/wp\/v2\/media?parent=72225"}],"wp:term":[{"taxonomy":"category","embeddable":true,"href":"https:\/\/www.todoeldia.com\/index.php\/wp-json\/wp\/v2\/categories?post=72225"},{"taxonomy":"post_tag","embeddable":true,"href":"https:\/\/www.todoeldia.com\/index.php\/wp-json\/wp\/v2\/tags?post=72225"}],"curies":[{"name":"wp","href":"https:\/\/api.w.org\/{rel}","templated":true}]}}