{"id":72237,"date":"2024-01-31T09:18:04","date_gmt":"2024-01-31T12:18:04","guid":{"rendered":"https:\/\/www.todoeldia.com\/?p=72237"},"modified":"2024-01-31T09:18:04","modified_gmt":"2024-01-31T12:18:04","slug":"salta-tuvo-un-recorte-del-124-de-la-coparticipacion","status":"publish","type":"post","link":"https:\/\/www.todoeldia.com\/index.php\/2024\/01\/31\/salta-tuvo-un-recorte-del-124-de-la-coparticipacion\/","title":{"rendered":"Salta tuvo un recorte del 12,4 % de la coparticipaci\u00f3n"},"content":{"rendered":"\n<p>La ca\u00edda, que equivale a $6.000 por habitante promedio en el pa\u00eds, se produce en medio del debate entre la Casa Rosada y los gobernadores por la Ley \u00d3mnibus. Las jurisdicciones que tuvieron un mayor recorte son Buenos Aires, Santa Fe y C\u00f3rdoba.<\/p>\n\n\n\n<p>En medio del debate por la ley \u00f3mnibus y el reclamo de los gobernadores por un mecanismo de compensaci\u00f3n ante la p\u00e9rdida de recaudaci\u00f3n, las provincias sufrieron durante enero una ca\u00edda de $277.000 millones en ingresos por coparticipaci\u00f3n. Eso equivale a una p\u00e9rdida de $6.000 por habitante promedio en el pa\u00eds. Las jurisdicciones que tuvieron una mayor ca\u00edda son Buenos Aires, Santa Fe y C\u00f3rdoba.<\/p>\n\n\n\n<p>Los datos surgen de un informe del Instituto Argentino de An\u00e1lisis Fiscal (Iaraf) en base a datos del Indec y de la Direcci\u00f3n Nacional de Asuntos Provinciales (Dnap). All\u00ed se consign\u00f3 para el mes pasado una baja de 12,2% en t\u00e9rminos reales respecto al a\u00f1o previo en las transferencias autom\u00e1ticas por coparticipaci\u00f3n, leyes complementarias y compensaciones.<\/p>\n\n\n\n<p>\u201cLas jurisdicciones m\u00e1s afectadas ser\u00edan Buenos Aires (-14,6%), Salta (-12,4%) y Misiones (-12,2%). Por otro lado, las jurisdicciones con menor ca\u00edda ser\u00edan CABA (-9,7%), La Pampa (-10,9%) y San Luis (-11%)\u201d, detall\u00f3 el Iaraf.<\/p>\n","protected":false},"excerpt":{"rendered":"<p>La ca\u00edda, que equivale a $6.000 por habitante promedio en el pa\u00eds, se produce en medio del debate entre la Casa Rosada y los gobernadores por la Ley \u00d3mnibus. Las jurisdicciones que tuvieron un mayor recorte son Buenos Aires, Santa Fe y C\u00f3rdoba. En medio del debate por la ley \u00f3mnibus y el reclamo de [&hellip;]<\/p>\n","protected":false},"author":2,"featured_media":68475,"comment_status":"open","ping_status":"open","sticky":false,"template":"","format":"standard","meta":{"tdm_status":"","tdm_grid_status":"","_joinchat":[],"footnotes":""},"categories":[60],"tags":[],"class_list":{"0":"post-72237","1":"post","2":"type-post","3":"status-publish","4":"format-standard","5":"has-post-thumbnail","7":"category-economia"},"amp_enabled":true,"_links":{"self":[{"href":"https:\/\/www.todoeldia.com\/index.php\/wp-json\/wp\/v2\/posts\/72237","targetHints":{"allow":["GET"]}}],"collection":[{"href":"https:\/\/www.todoeldia.com\/index.php\/wp-json\/wp\/v2\/posts"}],"about":[{"href":"https:\/\/www.todoeldia.com\/index.php\/wp-json\/wp\/v2\/types\/post"}],"author":[{"embeddable":true,"href":"https:\/\/www.todoeldia.com\/index.php\/wp-json\/wp\/v2\/users\/2"}],"replies":[{"embeddable":true,"href":"https:\/\/www.todoeldia.com\/index.php\/wp-json\/wp\/v2\/comments?post=72237"}],"version-history":[{"count":1,"href":"https:\/\/www.todoeldia.com\/index.php\/wp-json\/wp\/v2\/posts\/72237\/revisions"}],"predecessor-version":[{"id":72238,"href":"https:\/\/www.todoeldia.com\/index.php\/wp-json\/wp\/v2\/posts\/72237\/revisions\/72238"}],"wp:featuredmedia":[{"embeddable":true,"href":"https:\/\/www.todoeldia.com\/index.php\/wp-json\/wp\/v2\/media\/68475"}],"wp:attachment":[{"href":"https:\/\/www.todoeldia.com\/index.php\/wp-json\/wp\/v2\/media?parent=72237"}],"wp:term":[{"taxonomy":"category","embeddable":true,"href":"https:\/\/www.todoeldia.com\/index.php\/wp-json\/wp\/v2\/categories?post=72237"},{"taxonomy":"post_tag","embeddable":true,"href":"https:\/\/www.todoeldia.com\/index.php\/wp-json\/wp\/v2\/tags?post=72237"}],"curies":[{"name":"wp","href":"https:\/\/api.w.org\/{rel}","templated":true}]}}