{"id":72239,"date":"2024-01-31T15:35:26","date_gmt":"2024-01-31T18:35:26","guid":{"rendered":"https:\/\/www.todoeldia.com\/?p=72239"},"modified":"2024-01-31T15:35:27","modified_gmt":"2024-01-31T18:35:27","slug":"agredio-a-su-padre-de-81-anos-y-lo-dejo-en-grave-estado","status":"publish","type":"post","link":"https:\/\/www.todoeldia.com\/index.php\/2024\/01\/31\/agredio-a-su-padre-de-81-anos-y-lo-dejo-en-grave-estado\/","title":{"rendered":"Agredi\u00f3 a su padre de 81 a\u00f1os y lo dej\u00f3 en grave estado"},"content":{"rendered":"\n<p>Un adulto mayor de 81 a\u00f1os debi\u00f3 ser internado e intervenido quir\u00fargicamente tras ser agredido f\u00edsicamente. Su hijo, quien se encontraba con pedido de captura como sospechoso, fue detenido e imputado.<\/p>\n\n\n\n<p>El fiscal penal 2 de la Unidad de Graves Atentados contra las Personas en feria, Gabriel Gonz\u00e1lez, imput\u00f3 de forma provisional a un hombre de 44 a\u00f1os como autor del delito tentativa de homicidio agravado por v\u00ednculo y amenazas (dos hechos) en concurso real.<\/p>\n\n\n\n<p>El acusado fue asistido por defensa oficial y se abstuvo de declarar. Desde la Fiscal\u00eda se solicit\u00f3 su prisi\u00f3n preventiva.<\/p>\n\n\n\n<p>Seg\u00fan consta en las actuaciones, el pasado 12 de enero, el acusado, quien se encuentra en situaci\u00f3n de calle, se present\u00f3 en el domicilio de su padre de 81 a\u00f1os en Villa El Sol de la ciudad de Salta y lo habr\u00eda agredido f\u00edsicamente, provocando que cayera y se golpeara la cabeza.<\/p>\n\n\n\n<p>Fue hospitalizado e intervenido quir\u00fargicamente por diagn\u00f3stico de TEC grave.<\/p>\n\n\n\n<p>Del trabajo desplegado por personal de la Unidad de Investigaci\u00f3n UGAP, se identific\u00f3 al acusado como principal sospechoso y se solicit\u00f3 su detenci\u00f3n al Juzgado de Garant\u00edas 3 en feria, la que se concret\u00f3 en las \u00faltimas horas en la v\u00eda p\u00fablica.<\/p>\n","protected":false},"excerpt":{"rendered":"<p>Un adulto mayor de 81 a\u00f1os debi\u00f3 ser internado e intervenido quir\u00fargicamente tras ser agredido f\u00edsicamente. Su hijo, quien se encontraba con pedido de captura como sospechoso, fue detenido e imputado. El fiscal penal 2 de la Unidad de Graves Atentados contra las Personas en feria, Gabriel Gonz\u00e1lez, imput\u00f3 de forma provisional a un hombre [&hellip;]<\/p>\n","protected":false},"author":2,"featured_media":70676,"comment_status":"open","ping_status":"open","sticky":false,"template":"","format":"standard","meta":{"tdm_status":"","tdm_grid_status":"","_joinchat":[],"footnotes":""},"categories":[63],"tags":[],"class_list":{"0":"post-72239","1":"post","2":"type-post","3":"status-publish","4":"format-standard","5":"has-post-thumbnail","7":"category-policiales"},"amp_enabled":true,"_links":{"self":[{"href":"https:\/\/www.todoeldia.com\/index.php\/wp-json\/wp\/v2\/posts\/72239","targetHints":{"allow":["GET"]}}],"collection":[{"href":"https:\/\/www.todoeldia.com\/index.php\/wp-json\/wp\/v2\/posts"}],"about":[{"href":"https:\/\/www.todoeldia.com\/index.php\/wp-json\/wp\/v2\/types\/post"}],"author":[{"embeddable":true,"href":"https:\/\/www.todoeldia.com\/index.php\/wp-json\/wp\/v2\/users\/2"}],"replies":[{"embeddable":true,"href":"https:\/\/www.todoeldia.com\/index.php\/wp-json\/wp\/v2\/comments?post=72239"}],"version-history":[{"count":1,"href":"https:\/\/www.todoeldia.com\/index.php\/wp-json\/wp\/v2\/posts\/72239\/revisions"}],"predecessor-version":[{"id":72240,"href":"https:\/\/www.todoeldia.com\/index.php\/wp-json\/wp\/v2\/posts\/72239\/revisions\/72240"}],"wp:featuredmedia":[{"embeddable":true,"href":"https:\/\/www.todoeldia.com\/index.php\/wp-json\/wp\/v2\/media\/70676"}],"wp:attachment":[{"href":"https:\/\/www.todoeldia.com\/index.php\/wp-json\/wp\/v2\/media?parent=72239"}],"wp:term":[{"taxonomy":"category","embeddable":true,"href":"https:\/\/www.todoeldia.com\/index.php\/wp-json\/wp\/v2\/categories?post=72239"},{"taxonomy":"post_tag","embeddable":true,"href":"https:\/\/www.todoeldia.com\/index.php\/wp-json\/wp\/v2\/tags?post=72239"}],"curies":[{"name":"wp","href":"https:\/\/api.w.org\/{rel}","templated":true}]}}