{"id":72271,"date":"2024-01-31T19:43:46","date_gmt":"2024-01-31T22:43:46","guid":{"rendered":"https:\/\/www.todoeldia.com\/?p=72271"},"modified":"2024-01-31T19:43:46","modified_gmt":"2024-01-31T22:43:46","slug":"ley-omnibus-prefectura-aplico-el-protocolo-antipiquete-y-el-lider-del-polo-obrero-termino-en-el-piso","status":"publish","type":"post","link":"https:\/\/www.todoeldia.com\/index.php\/2024\/01\/31\/ley-omnibus-prefectura-aplico-el-protocolo-antipiquete-y-el-lider-del-polo-obrero-termino-en-el-piso\/","title":{"rendered":"Ley Omnibus:  Prefectura aplic\u00f3 el protocolo antipiquete y el l\u00edder del Polo Obrero termin\u00f3 en el piso"},"content":{"rendered":"\n<p>El tratamiento de la Ley \u00d3mnibus comenz\u00f3 esta ma\u00f1ana y se extender\u00eda por m\u00e1s de 35 horas. En las afueras del recinto \u2014mientras tanto\u2014 se registran choques entre los manifestantes y las autoridades, en los que tambi\u00e9n estuvo involucrado Eduardo Belliboni (PO).<\/p>\n\n\n\n<p>Gendarmer\u00eda, Prefectura y la Polic\u00eda Federal se plegaron para aplicar el protocolo antipiquete. Los protestantes lanzan proyectiles, lo que suma la tensi\u00f3n en la intersecci\u00f3n de la avenida Rivadavia y Rodr\u00edguez Pe\u00f1a.<\/p>\n\n\n\n<p>En medio de los disturbios, los efectivos se llevaron detuvieron a un hombre de 30 a\u00f1os, de nacionalidad chilena, y qued\u00f3 imputado de los delitos de atentado y resistencia a la autoridad y lesiones, en perjuicio de dos agentes de la Prefectura Naval Argentina.<\/p>\n\n\n\n<p>En las puertas del Congreso se registraron incidentes mientras los legisladores debaten la Ley \u00d3mnibus, donde Gendarmer\u00eda intenta evitar que los manifestantes suban a la vereda. Uno de los militantes amenaz\u00f3 a uno de los periodistas de TN con incendiar los estudios del canal, en momentos en que la Polic\u00eda comenz\u00f3 a tirar gases lacrim\u00f3genos.<\/p>\n\n\n\n<p>Entre los participantes de la protesta, en su mayor\u00eda militantes del Polo Obrero (PO), se encuentra el Partido de los Trabajadores Socialistas (PTS), el MTR Teresa Vive y el Movimiento Socialista de los Trabajadores (MST), y se encontraban Celeste Fierro y Patricio Del Corro, ambos legisladores porte\u00f1os del Frente de Izquierda y los Trabajadores (FIT-U), y el dirigente Eduardo Belliboni.<\/p>\n","protected":false},"excerpt":{"rendered":"<p>El tratamiento de la Ley \u00d3mnibus comenz\u00f3 esta ma\u00f1ana y se extender\u00eda por m\u00e1s de 35 horas. En las afueras del recinto \u2014mientras tanto\u2014 se registran choques entre los manifestantes y las autoridades, en los que tambi\u00e9n estuvo involucrado Eduardo Belliboni (PO). Gendarmer\u00eda, Prefectura y la Polic\u00eda Federal se plegaron para aplicar el protocolo antipiquete. [&hellip;]<\/p>\n","protected":false},"author":2,"featured_media":72272,"comment_status":"open","ping_status":"open","sticky":false,"template":"","format":"standard","meta":{"tdm_status":"","tdm_grid_status":"","_joinchat":[],"footnotes":""},"categories":[59],"tags":[],"class_list":{"0":"post-72271","1":"post","2":"type-post","3":"status-publish","4":"format-standard","5":"has-post-thumbnail","7":"category-politica"},"amp_enabled":true,"_links":{"self":[{"href":"https:\/\/www.todoeldia.com\/index.php\/wp-json\/wp\/v2\/posts\/72271","targetHints":{"allow":["GET"]}}],"collection":[{"href":"https:\/\/www.todoeldia.com\/index.php\/wp-json\/wp\/v2\/posts"}],"about":[{"href":"https:\/\/www.todoeldia.com\/index.php\/wp-json\/wp\/v2\/types\/post"}],"author":[{"embeddable":true,"href":"https:\/\/www.todoeldia.com\/index.php\/wp-json\/wp\/v2\/users\/2"}],"replies":[{"embeddable":true,"href":"https:\/\/www.todoeldia.com\/index.php\/wp-json\/wp\/v2\/comments?post=72271"}],"version-history":[{"count":1,"href":"https:\/\/www.todoeldia.com\/index.php\/wp-json\/wp\/v2\/posts\/72271\/revisions"}],"predecessor-version":[{"id":72273,"href":"https:\/\/www.todoeldia.com\/index.php\/wp-json\/wp\/v2\/posts\/72271\/revisions\/72273"}],"wp:featuredmedia":[{"embeddable":true,"href":"https:\/\/www.todoeldia.com\/index.php\/wp-json\/wp\/v2\/media\/72272"}],"wp:attachment":[{"href":"https:\/\/www.todoeldia.com\/index.php\/wp-json\/wp\/v2\/media?parent=72271"}],"wp:term":[{"taxonomy":"category","embeddable":true,"href":"https:\/\/www.todoeldia.com\/index.php\/wp-json\/wp\/v2\/categories?post=72271"},{"taxonomy":"post_tag","embeddable":true,"href":"https:\/\/www.todoeldia.com\/index.php\/wp-json\/wp\/v2\/tags?post=72271"}],"curies":[{"name":"wp","href":"https:\/\/api.w.org\/{rel}","templated":true}]}}