{"id":72274,"date":"2024-01-31T19:47:24","date_gmt":"2024-01-31T22:47:24","guid":{"rendered":"https:\/\/www.todoeldia.com\/?p=72274"},"modified":"2024-01-31T19:47:25","modified_gmt":"2024-01-31T22:47:25","slug":"se-fugo-el-adolescente-que-ahogo-a-un-perro-en-un-robo-en-chaco-y-fue-recapturado-por-un-camarografo","status":"publish","type":"post","link":"https:\/\/www.todoeldia.com\/index.php\/2024\/01\/31\/se-fugo-el-adolescente-que-ahogo-a-un-perro-en-un-robo-en-chaco-y-fue-recapturado-por-un-camarografo\/","title":{"rendered":"Se fug\u00f3 el adolescente que ahog\u00f3 a un perro en un robo en Chaco y fue recapturado por un camar\u00f3grafo"},"content":{"rendered":"\n<p>Escap\u00f3 del centro de menores donde estaba alojado por disposici\u00f3n de la Justicia. Un trabajador de prensa lo vio escondido entre pastizales mientras realizaba la cobertura del caso y lo atrap\u00f3.<\/p>\n\n\n\n<p>M. volvi\u00f3 este mi\u00e9rcoles a ser noticia en la provincia de Chaco. A comienzos de esta semana, el adolescente de 17 a\u00f1os hab\u00eda sido detenido tras haber ahogado a un perro en la pileta para robar una garrafa de una casa. Sin embargo, esta ma\u00f1ana se escap\u00f3 del centro de menores donde hab\u00eda sido alojado por disposici\u00f3n de la Justicia. As\u00ed, estuvo pr\u00f3fugo varias horas hasta que lo recapturaron cerca del mediod\u00eda.<\/p>\n\n\n\n<figure class=\"wp-block-image size-full is-resized\"><img loading=\"lazy\" decoding=\"async\" width=\"992\" height=\"850\" src=\"https:\/\/www.todoeldia.com\/wp-content\/uploads\/2024\/01\/image-170.png\" alt=\"\" class=\"wp-image-72276\" style=\"width:1035px;height:auto\" srcset=\"https:\/\/www.todoeldia.com\/wp-content\/uploads\/2024\/01\/image-170.png 992w, https:\/\/www.todoeldia.com\/wp-content\/uploads\/2024\/01\/image-170-300x257.png 300w, https:\/\/www.todoeldia.com\/wp-content\/uploads\/2024\/01\/image-170-768x658.png 768w, https:\/\/www.todoeldia.com\/wp-content\/uploads\/2024\/01\/image-170-696x596.png 696w, https:\/\/www.todoeldia.com\/wp-content\/uploads\/2024\/01\/image-170-490x420.png 490w\" sizes=\"auto, (max-width: 992px) 100vw, 992px\" \/><\/figure>\n\n\n\n<p><strong>M. tras ser detenido el lunes pasado<\/strong><\/p>\n\n\n\n<p>Fue un camar\u00f3grafo de televisi\u00f3n el que atrap\u00f3 a M. mientras realizaba la cobertura del caso y tras haberse conocido la fuga del chico del Centro Socio Educativo Aldea Tres Orquetas.<\/p>\n\n\n\n<p>El trabajador de prensa se llama Gerardo Galarza, es empleado de la se\u00f1al p\u00fablica Chaco TV y tambi\u00e9n ex polic\u00eda. Seg\u00fan relat\u00f3, vio al adolescente escondido entre los pastizales de la zona de Villa Gonzalito y decidi\u00f3 ir por \u00e9l vali\u00e9ndose de su experiencia como agente de la fuerza policial.<\/p>\n\n\n\n<p>De ese modo, lo sorprendi\u00f3 por detr\u00e1s y lo cache\u00f3. Despu\u00e9s lo retuvo con ayuda del tr\u00edpode de su c\u00e1mara hasta que lleg\u00f3 la Polic\u00eda.<\/p>\n","protected":false},"excerpt":{"rendered":"<p>Escap\u00f3 del centro de menores donde estaba alojado por disposici\u00f3n de la Justicia. Un trabajador de prensa lo vio escondido entre pastizales mientras realizaba la cobertura del caso y lo atrap\u00f3. M. volvi\u00f3 este mi\u00e9rcoles a ser noticia en la provincia de Chaco. A comienzos de esta semana, el adolescente de 17 a\u00f1os hab\u00eda sido [&hellip;]<\/p>\n","protected":false},"author":2,"featured_media":72275,"comment_status":"open","ping_status":"open","sticky":false,"template":"","format":"standard","meta":{"tdm_status":"","tdm_grid_status":"","_joinchat":[],"footnotes":""},"categories":[63],"tags":[],"class_list":{"0":"post-72274","1":"post","2":"type-post","3":"status-publish","4":"format-standard","5":"has-post-thumbnail","7":"category-policiales"},"amp_enabled":true,"_links":{"self":[{"href":"https:\/\/www.todoeldia.com\/index.php\/wp-json\/wp\/v2\/posts\/72274","targetHints":{"allow":["GET"]}}],"collection":[{"href":"https:\/\/www.todoeldia.com\/index.php\/wp-json\/wp\/v2\/posts"}],"about":[{"href":"https:\/\/www.todoeldia.com\/index.php\/wp-json\/wp\/v2\/types\/post"}],"author":[{"embeddable":true,"href":"https:\/\/www.todoeldia.com\/index.php\/wp-json\/wp\/v2\/users\/2"}],"replies":[{"embeddable":true,"href":"https:\/\/www.todoeldia.com\/index.php\/wp-json\/wp\/v2\/comments?post=72274"}],"version-history":[{"count":1,"href":"https:\/\/www.todoeldia.com\/index.php\/wp-json\/wp\/v2\/posts\/72274\/revisions"}],"predecessor-version":[{"id":72277,"href":"https:\/\/www.todoeldia.com\/index.php\/wp-json\/wp\/v2\/posts\/72274\/revisions\/72277"}],"wp:featuredmedia":[{"embeddable":true,"href":"https:\/\/www.todoeldia.com\/index.php\/wp-json\/wp\/v2\/media\/72275"}],"wp:attachment":[{"href":"https:\/\/www.todoeldia.com\/index.php\/wp-json\/wp\/v2\/media?parent=72274"}],"wp:term":[{"taxonomy":"category","embeddable":true,"href":"https:\/\/www.todoeldia.com\/index.php\/wp-json\/wp\/v2\/categories?post=72274"},{"taxonomy":"post_tag","embeddable":true,"href":"https:\/\/www.todoeldia.com\/index.php\/wp-json\/wp\/v2\/tags?post=72274"}],"curies":[{"name":"wp","href":"https:\/\/api.w.org\/{rel}","templated":true}]}}