{"id":72301,"date":"2024-02-01T10:35:30","date_gmt":"2024-02-01T13:35:30","guid":{"rendered":"https:\/\/www.todoeldia.com\/?p=72301"},"modified":"2024-02-01T10:35:31","modified_gmt":"2024-02-01T13:35:31","slug":"una-mujer-embarazada-debio-ser-internada-por-la-golpiza-que-le-dio-su-pareja","status":"publish","type":"post","link":"https:\/\/www.todoeldia.com\/index.php\/2024\/02\/01\/una-mujer-embarazada-debio-ser-internada-por-la-golpiza-que-le-dio-su-pareja\/","title":{"rendered":"Una mujer embarazada debi\u00f3 ser internada por la golpiza que le dio su pareja"},"content":{"rendered":"\n<p>Seg\u00fan denuncia una hermana de la damnificada, el acusado se habr\u00eda molestado por una llamada telef\u00f3nica que la mujer recibi\u00f3 y le produjo lesiones por las que debi\u00f3 ser hospitalizada.<\/p>\n\n\n\n<p>La fiscal penal de Pichanal en feria, Mar\u00eda Sof\u00eda Fuentes, imput\u00f3 de forma provisional a un hombre de 36 a\u00f1os como autor del delito de lesiones leves doblemente agravadas por tratarse de una persona con quien mantuvo una relaci\u00f3n de pareja, mediando convivencia y por ser un hecho cometido por un hombre en contra de una mujer mediando violencia de g\u00e9nero.<\/p>\n\n\n\n<p>Tras la audiencia de imputaci\u00f3n, desde la Fiscal\u00eda se solicit\u00f3 que el acusado permanezca detenido.<\/p>\n\n\n\n<p>El hecho ocurri\u00f3 el pasado 29 de enero en asentamiento Israel de la ciudad de Pichanal, donde una mujer denunci\u00f3 que su hermana de 32 a\u00f1os, quien se encuentra embarazada, fue trasladada al hospital de Or\u00e1n luego de ser agredida f\u00edsicamente por su pareja.<\/p>\n\n\n\n<p>Seg\u00fan relata, \u00e9ste se habr\u00eda ofuscado por una llamada que recibi\u00f3 la mujer y la habr\u00eda golpeado.<\/p>\n","protected":false},"excerpt":{"rendered":"<p>Seg\u00fan denuncia una hermana de la damnificada, el acusado se habr\u00eda molestado por una llamada telef\u00f3nica que la mujer recibi\u00f3 y le produjo lesiones por las que debi\u00f3 ser hospitalizada. La fiscal penal de Pichanal en feria, Mar\u00eda Sof\u00eda Fuentes, imput\u00f3 de forma provisional a un hombre de 36 a\u00f1os como autor del delito de [&hellip;]<\/p>\n","protected":false},"author":2,"featured_media":15563,"comment_status":"open","ping_status":"open","sticky":false,"template":"","format":"standard","meta":{"tdm_status":"","tdm_grid_status":"","_joinchat":[],"footnotes":""},"categories":[63],"tags":[],"class_list":{"0":"post-72301","1":"post","2":"type-post","3":"status-publish","4":"format-standard","5":"has-post-thumbnail","7":"category-policiales"},"amp_enabled":true,"_links":{"self":[{"href":"https:\/\/www.todoeldia.com\/index.php\/wp-json\/wp\/v2\/posts\/72301","targetHints":{"allow":["GET"]}}],"collection":[{"href":"https:\/\/www.todoeldia.com\/index.php\/wp-json\/wp\/v2\/posts"}],"about":[{"href":"https:\/\/www.todoeldia.com\/index.php\/wp-json\/wp\/v2\/types\/post"}],"author":[{"embeddable":true,"href":"https:\/\/www.todoeldia.com\/index.php\/wp-json\/wp\/v2\/users\/2"}],"replies":[{"embeddable":true,"href":"https:\/\/www.todoeldia.com\/index.php\/wp-json\/wp\/v2\/comments?post=72301"}],"version-history":[{"count":1,"href":"https:\/\/www.todoeldia.com\/index.php\/wp-json\/wp\/v2\/posts\/72301\/revisions"}],"predecessor-version":[{"id":72302,"href":"https:\/\/www.todoeldia.com\/index.php\/wp-json\/wp\/v2\/posts\/72301\/revisions\/72302"}],"wp:featuredmedia":[{"embeddable":true,"href":"https:\/\/www.todoeldia.com\/index.php\/wp-json\/wp\/v2\/media\/15563"}],"wp:attachment":[{"href":"https:\/\/www.todoeldia.com\/index.php\/wp-json\/wp\/v2\/media?parent=72301"}],"wp:term":[{"taxonomy":"category","embeddable":true,"href":"https:\/\/www.todoeldia.com\/index.php\/wp-json\/wp\/v2\/categories?post=72301"},{"taxonomy":"post_tag","embeddable":true,"href":"https:\/\/www.todoeldia.com\/index.php\/wp-json\/wp\/v2\/tags?post=72301"}],"curies":[{"name":"wp","href":"https:\/\/api.w.org\/{rel}","templated":true}]}}