{"id":72303,"date":"2024-02-01T10:38:48","date_gmt":"2024-02-01T13:38:48","guid":{"rendered":"https:\/\/www.todoeldia.com\/?p=72303"},"modified":"2024-02-01T10:38:48","modified_gmt":"2024-02-01T13:38:48","slug":"en-embarcacion-un-hombre-lesiono-con-un-cuchillo-a-un-menor-para-robar-el-celular","status":"publish","type":"post","link":"https:\/\/www.todoeldia.com\/index.php\/2024\/02\/01\/en-embarcacion-un-hombre-lesiono-con-un-cuchillo-a-un-menor-para-robar-el-celular\/","title":{"rendered":"En Embarcaci\u00f3n un hombre lesiono con un cuchillo a un menor para robar el celular"},"content":{"rendered":"\n<p>La fiscal penal de Embarcaci\u00f3n en feria, Gabriela Souto, imput\u00f3 de forma provisional a un hombre de 28 a\u00f1os como autor del delito de robo calificado por el uso de arma en perjuicio de un menor de edad.<\/p>\n\n\n\n<p>El pasado 24 de enero, un adolescente de 14 a\u00f1os que circulaba por calle Buenos Aires de esa ciudad, fue interceptado por un hombre que le sustrajo el tel\u00e9fono celular a punta de cuchillo y que le provoc\u00f3 una lesi\u00f3n con este en la cadera.<\/p>\n\n\n\n<p>En forma posterior, personal policial logr\u00f3 la detenci\u00f3n del sospechoso.<\/p>\n\n\n\n<p>El acusado estuvo acompa\u00f1ado de defensa particular y prest\u00f3 declaraci\u00f3n, dando su versi\u00f3n de lo sucedido. Desde la Fiscal\u00eda se solicit\u00f3 que permanezca detenido.<\/p>\n","protected":false},"excerpt":{"rendered":"<p>La fiscal penal de Embarcaci\u00f3n en feria, Gabriela Souto, imput\u00f3 de forma provisional a un hombre de 28 a\u00f1os como autor del delito de robo calificado por el uso de arma en perjuicio de un menor de edad. El pasado 24 de enero, un adolescente de 14 a\u00f1os que circulaba por calle Buenos Aires de [&hellip;]<\/p>\n","protected":false},"author":2,"featured_media":32648,"comment_status":"open","ping_status":"open","sticky":false,"template":"","format":"standard","meta":{"tdm_status":"","tdm_grid_status":"","_joinchat":[],"footnotes":""},"categories":[63],"tags":[],"class_list":{"0":"post-72303","1":"post","2":"type-post","3":"status-publish","4":"format-standard","5":"has-post-thumbnail","7":"category-policiales"},"amp_enabled":true,"_links":{"self":[{"href":"https:\/\/www.todoeldia.com\/index.php\/wp-json\/wp\/v2\/posts\/72303","targetHints":{"allow":["GET"]}}],"collection":[{"href":"https:\/\/www.todoeldia.com\/index.php\/wp-json\/wp\/v2\/posts"}],"about":[{"href":"https:\/\/www.todoeldia.com\/index.php\/wp-json\/wp\/v2\/types\/post"}],"author":[{"embeddable":true,"href":"https:\/\/www.todoeldia.com\/index.php\/wp-json\/wp\/v2\/users\/2"}],"replies":[{"embeddable":true,"href":"https:\/\/www.todoeldia.com\/index.php\/wp-json\/wp\/v2\/comments?post=72303"}],"version-history":[{"count":1,"href":"https:\/\/www.todoeldia.com\/index.php\/wp-json\/wp\/v2\/posts\/72303\/revisions"}],"predecessor-version":[{"id":72304,"href":"https:\/\/www.todoeldia.com\/index.php\/wp-json\/wp\/v2\/posts\/72303\/revisions\/72304"}],"wp:featuredmedia":[{"embeddable":true,"href":"https:\/\/www.todoeldia.com\/index.php\/wp-json\/wp\/v2\/media\/32648"}],"wp:attachment":[{"href":"https:\/\/www.todoeldia.com\/index.php\/wp-json\/wp\/v2\/media?parent=72303"}],"wp:term":[{"taxonomy":"category","embeddable":true,"href":"https:\/\/www.todoeldia.com\/index.php\/wp-json\/wp\/v2\/categories?post=72303"},{"taxonomy":"post_tag","embeddable":true,"href":"https:\/\/www.todoeldia.com\/index.php\/wp-json\/wp\/v2\/tags?post=72303"}],"curies":[{"name":"wp","href":"https:\/\/api.w.org\/{rel}","templated":true}]}}