{"id":7231,"date":"2020-09-30T15:27:01","date_gmt":"2020-09-30T18:27:01","guid":{"rendered":"https:\/\/www.todoeldia.com\/?p=7231"},"modified":"2020-09-30T15:27:03","modified_gmt":"2020-09-30T18:27:03","slug":"el-gobierno-amplia-la-disponibilidad-de-camas-habra-250-mas-en-terapia-intensiva-en-hospitales-de-capital","status":"publish","type":"post","link":"https:\/\/www.todoeldia.com\/index.php\/2020\/09\/30\/el-gobierno-amplia-la-disponibilidad-de-camas-habra-250-mas-en-terapia-intensiva-en-hospitales-de-capital\/","title":{"rendered":"El Gobierno ampl\u00eda la disponibilidad de camas habr\u00e1 250 m\u00e1s en terapia intensiva en hospitales de Capital"},"content":{"rendered":"\n<p>Pr\u00f3ximamente se inaugurar\u00e1n las ampliaciones de UTI para pacientes COVID-19 en los hospitales O\u00f1ativia, Papa Francisco y Materno Infantil, con lo cual se contar\u00e1 con m\u00e1s de 250 camas en terapia intensiva.<\/p>\n\n\n\n<p>Con el objetivo de coordinar y fortalecer la atenci\u00f3n de pacientes con COVID-19 en el sistema sanitario p\u00fablico, se reunieron el presidente del COE, Francisco Aguilar, la secretaria de Desarrollo Organizacional, Ver\u00f3nica Guzm\u00e1n y los gerentes de los hospitales de la Capital.<\/p>\n\n\n\n<p>Se inform\u00f3 que de acuerdo a lo dispuesto por el gobernador Gustavo S\u00e1enz, &#8220;se continuar\u00e1 incorporando escalonadamente el recurso humano necesario, como m\u00e9dicos, enfermeros, personal de limpieza, conforme se vaya ampliando la cantidad de camas. Tenemos previsto contar con 255 camas de terapia intensiva&#8221;, explic\u00f3 Guzm\u00e1n.<\/p>\n\n\n\n<p>El titular del hospital O\u00f1ativia, Marcelo Nallar, inform\u00f3 que el fin de semana estar\u00e1n operativas las primeras 4 camas con respiradores, de las 8 que conforman el nuevo sector para pacientes cr\u00edticos con COVID-19.<\/p>\n\n\n\n<p>El hospital P\u00fablico Materno Infantil cuenta con una terapia intermedia, que est\u00e1 preparada para convertirse &#8220;en terapia intensiva con todos los elementos necesarios y de \u00faltima tecnolog\u00eda que nos est\u00e1 proveyendo el Gobierno, por lo que habilitaremos, el jueves, las primeras 5 camas y as\u00ed despu\u00e9s, paulatina, vamos a ir habilitando hasta llegar a las 20 camas, todas con respiradores&#8221; especific\u00f3 el gerente Federico Mangione.<\/p>\n\n\n\n<p>El hospital San Bernardo desde este fin de semana contar\u00e1 con la habilitaci\u00f3n de la carpa con una capacidad para 54 camas con ox\u00edgeno. Se brindar\u00e1 asistencia de mediana complejidad.&nbsp;<\/p>\n\n\n\n<p>El hospital Papa Francisco ampliar\u00e1 su capacidad de internaci\u00f3n en terapia intensiva, con la adaptaci\u00f3n de un espacio destinado a incrementar 5 camas nuevas.<\/p>\n\n\n\n<p>Se relev\u00f3 la cantidad de recursos humanos, de camas, respiradores. Se instruy\u00f3 a los m\u00e9dicos sobre la necesidad de notificar las camas UTI disponibles, &#8220;les mostramos el sistema de notificaci\u00f3n de camas para que al igual que el sector privado, nos informen momento a momento la cantidad de camas disponibles en terapia y en piso con ox\u00edgeno, lo cual nos agiliza el traslado de pacientes&#8221;, explic\u00f3 Aguilar.&nbsp;<\/p>\n\n\n\n<p>Se realiz\u00f3 un balance de la situaci\u00f3n, &#8220;la cual sabemos que es muy preocupante porque los contagios siguen creciendo, el sistema sanitario trabaja con m\u00e1s de un 90% de ocupaci\u00f3n, pero estamos trabajando a contrarreloj para continuar fortaleciendo la capacidad de atenci\u00f3n, sobre todo en las terapias intensivas&#8221;, indic\u00f3 el Presidente del COE.&nbsp;<\/p>\n","protected":false},"excerpt":{"rendered":"<p>Pr\u00f3ximamente se inaugurar\u00e1n las ampliaciones de UTI para pacientes COVID-19 en los hospitales O\u00f1ativia, Papa Francisco y Materno Infantil, con lo cual se contar\u00e1 con m\u00e1s de 250 camas en terapia intensiva. Con el objetivo de coordinar y fortalecer la atenci\u00f3n de pacientes con COVID-19 en el sistema sanitario p\u00fablico, se reunieron el presidente del [&hellip;]<\/p>\n","protected":false},"author":2,"featured_media":6116,"comment_status":"open","ping_status":"open","sticky":false,"template":"","format":"standard","meta":{"tdm_status":"","tdm_grid_status":"","_joinchat":[],"footnotes":""},"categories":[73],"tags":[],"class_list":{"0":"post-7231","1":"post","2":"type-post","3":"status-publish","4":"format-standard","5":"has-post-thumbnail","7":"category-noticias-general"},"amp_enabled":true,"_links":{"self":[{"href":"https:\/\/www.todoeldia.com\/index.php\/wp-json\/wp\/v2\/posts\/7231","targetHints":{"allow":["GET"]}}],"collection":[{"href":"https:\/\/www.todoeldia.com\/index.php\/wp-json\/wp\/v2\/posts"}],"about":[{"href":"https:\/\/www.todoeldia.com\/index.php\/wp-json\/wp\/v2\/types\/post"}],"author":[{"embeddable":true,"href":"https:\/\/www.todoeldia.com\/index.php\/wp-json\/wp\/v2\/users\/2"}],"replies":[{"embeddable":true,"href":"https:\/\/www.todoeldia.com\/index.php\/wp-json\/wp\/v2\/comments?post=7231"}],"version-history":[{"count":1,"href":"https:\/\/www.todoeldia.com\/index.php\/wp-json\/wp\/v2\/posts\/7231\/revisions"}],"predecessor-version":[{"id":7232,"href":"https:\/\/www.todoeldia.com\/index.php\/wp-json\/wp\/v2\/posts\/7231\/revisions\/7232"}],"wp:featuredmedia":[{"embeddable":true,"href":"https:\/\/www.todoeldia.com\/index.php\/wp-json\/wp\/v2\/media\/6116"}],"wp:attachment":[{"href":"https:\/\/www.todoeldia.com\/index.php\/wp-json\/wp\/v2\/media?parent=7231"}],"wp:term":[{"taxonomy":"category","embeddable":true,"href":"https:\/\/www.todoeldia.com\/index.php\/wp-json\/wp\/v2\/categories?post=7231"},{"taxonomy":"post_tag","embeddable":true,"href":"https:\/\/www.todoeldia.com\/index.php\/wp-json\/wp\/v2\/tags?post=7231"}],"curies":[{"name":"wp","href":"https:\/\/api.w.org\/{rel}","templated":true}]}}