{"id":72312,"date":"2024-02-01T11:14:57","date_gmt":"2024-02-01T14:14:57","guid":{"rendered":"https:\/\/www.todoeldia.com\/?p=72312"},"modified":"2024-02-01T11:14:57","modified_gmt":"2024-02-01T14:14:57","slug":"debido-al-pesimo-servicio-la-provincia-construye-una-fabrica-envasadora-de-agua","status":"publish","type":"post","link":"https:\/\/www.todoeldia.com\/index.php\/2024\/02\/01\/debido-al-pesimo-servicio-la-provincia-construye-una-fabrica-envasadora-de-agua\/","title":{"rendered":"Debido al p\u00e9simo servicio, la Provincia construye una f\u00e1brica envasadora de agua"},"content":{"rendered":"\n<p>Estar\u00e1 ubicada en el municipio de Cerrillos en barrio Ant\u00e1rtida y se prev\u00e9 la inauguraci\u00f3n en marzo. Brindar\u00e1 soluciones de provisi\u00f3n de agua en el barrio, el municipio y en la provincia donde se atienden distintas demandas con el servicio de agua envasada.<\/p>\n\n\n\n<p>Se trata de la primera f\u00e1brica en Salta de este tipo que beneficiar\u00e1, tanto a poblaciones de distintos puntos de la provincia con la provisi\u00f3n de agua, al municipio de Cerrillos y al barrio donde se ubica. Tambi\u00e9n posibilitar\u00e1 el ahorro econ\u00f3mico por parte de la empresa que atiende las urgencias a trav\u00e9s de otras empresas privadas envasadoras.<\/p>\n\n\n\n<p>&nbsp;\u201cLa funci\u00f3n de esta f\u00e1brica, ser\u00e1 atender a la sociedad en distintas \u00e9pocas del a\u00f1o. Se trata de una industria m\u00e1s que generar\u00e1 puestos de trabajo. Adem\u00e1s, se aprovechar\u00e1 para optimizar el sistema de agua en la zona de Cerrillos\u201d, indic\u00f3 el ministro de econom\u00eda, Dib Ashur.<\/p>\n\n\n\n<p>Adem\u00e1s, afirm\u00f3 que \u201cde esta primera experiencia y seg\u00fan los resultados se ver\u00e1 la posibilidad de montar otra f\u00e1brica en el norte de la provincia\u201d.<\/p>\n","protected":false},"excerpt":{"rendered":"<p>Estar\u00e1 ubicada en el municipio de Cerrillos en barrio Ant\u00e1rtida y se prev\u00e9 la inauguraci\u00f3n en marzo. Brindar\u00e1 soluciones de provisi\u00f3n de agua en el barrio, el municipio y en la provincia donde se atienden distintas demandas con el servicio de agua envasada. Se trata de la primera f\u00e1brica en Salta de este tipo que [&hellip;]<\/p>\n","protected":false},"author":2,"featured_media":72313,"comment_status":"open","ping_status":"open","sticky":false,"template":"","format":"standard","meta":{"tdm_status":"","tdm_grid_status":"","_joinchat":[],"footnotes":""},"categories":[59],"tags":[],"class_list":{"0":"post-72312","1":"post","2":"type-post","3":"status-publish","4":"format-standard","5":"has-post-thumbnail","7":"category-politica"},"amp_enabled":true,"_links":{"self":[{"href":"https:\/\/www.todoeldia.com\/index.php\/wp-json\/wp\/v2\/posts\/72312","targetHints":{"allow":["GET"]}}],"collection":[{"href":"https:\/\/www.todoeldia.com\/index.php\/wp-json\/wp\/v2\/posts"}],"about":[{"href":"https:\/\/www.todoeldia.com\/index.php\/wp-json\/wp\/v2\/types\/post"}],"author":[{"embeddable":true,"href":"https:\/\/www.todoeldia.com\/index.php\/wp-json\/wp\/v2\/users\/2"}],"replies":[{"embeddable":true,"href":"https:\/\/www.todoeldia.com\/index.php\/wp-json\/wp\/v2\/comments?post=72312"}],"version-history":[{"count":1,"href":"https:\/\/www.todoeldia.com\/index.php\/wp-json\/wp\/v2\/posts\/72312\/revisions"}],"predecessor-version":[{"id":72314,"href":"https:\/\/www.todoeldia.com\/index.php\/wp-json\/wp\/v2\/posts\/72312\/revisions\/72314"}],"wp:featuredmedia":[{"embeddable":true,"href":"https:\/\/www.todoeldia.com\/index.php\/wp-json\/wp\/v2\/media\/72313"}],"wp:attachment":[{"href":"https:\/\/www.todoeldia.com\/index.php\/wp-json\/wp\/v2\/media?parent=72312"}],"wp:term":[{"taxonomy":"category","embeddable":true,"href":"https:\/\/www.todoeldia.com\/index.php\/wp-json\/wp\/v2\/categories?post=72312"},{"taxonomy":"post_tag","embeddable":true,"href":"https:\/\/www.todoeldia.com\/index.php\/wp-json\/wp\/v2\/tags?post=72312"}],"curies":[{"name":"wp","href":"https:\/\/api.w.org\/{rel}","templated":true}]}}