{"id":72336,"date":"2024-02-01T19:33:08","date_gmt":"2024-02-01T22:33:08","guid":{"rendered":"https:\/\/www.todoeldia.com\/?p=72336"},"modified":"2024-02-01T19:33:09","modified_gmt":"2024-02-01T22:33:09","slug":"mega-operativo-para-detener-a-3-involucrados-en-un-asesinato-en-oran","status":"publish","type":"post","link":"https:\/\/www.todoeldia.com\/index.php\/2024\/02\/01\/mega-operativo-para-detener-a-3-involucrados-en-un-asesinato-en-oran\/","title":{"rendered":"Mega operativo para detener a 3 involucrados en un asesinato en Or\u00e1n"},"content":{"rendered":"\n<p>El hecho investigado ocurri\u00f3 el pasado 19 de mayo, cuando durante la madrugada ingres\u00f3 al hospital de Or\u00e1n, Alejandro Jes\u00fas Avandillo con una herida de arma de fuego en la cabeza y falleci\u00f3 un mes despu\u00e9s. Por el hecho se encuentran detenidos e imputados dos hombres de 30 y 21 a\u00f1os.<\/p>\n\n\n\n<figure class=\"wp-block-image size-full\"><img loading=\"lazy\" decoding=\"async\" width=\"1024\" height=\"479\" src=\"https:\/\/www.todoeldia.com\/wp-content\/uploads\/2024\/02\/image-2.png\" alt=\"\" class=\"wp-image-72338\" srcset=\"https:\/\/www.todoeldia.com\/wp-content\/uploads\/2024\/02\/image-2.png 1024w, https:\/\/www.todoeldia.com\/wp-content\/uploads\/2024\/02\/image-2-300x140.png 300w, https:\/\/www.todoeldia.com\/wp-content\/uploads\/2024\/02\/image-2-768x359.png 768w, https:\/\/www.todoeldia.com\/wp-content\/uploads\/2024\/02\/image-2-696x326.png 696w, https:\/\/www.todoeldia.com\/wp-content\/uploads\/2024\/02\/image-2-898x420.png 898w\" sizes=\"auto, (max-width: 1024px) 100vw, 1024px\" \/><\/figure>\n\n\n\n<p>La investigaci\u00f3n inicialmente fue llevada adelante por la Fiscal\u00eda de la Unidad de Graves Atentados contra las Personas de Or\u00e1n y ante el avance de la misma y la posible vinculaci\u00f3n del hecho con actividades de organizaciones criminales, pas\u00f3 a manos de la Unidad Fiscal de Litigio Estrat\u00e9gico contra el Crimen Organizado para la Investigaci\u00f3n de Casos Graves ocurridos en el Norte de la Provincia.<\/p>\n\n\n\n<p>Del avance de las tareas desplegadas en la causa, entre las que se cuenta an\u00e1lisis de comunicaciones, de c\u00e1maras de seguridad, allanamientos y otras, se reunieron los elementos de convicci\u00f3n necesarios para solicitar orden de allanamiento para 11 domicilios en esa ciudad, los que se concretaron durante la ma\u00f1ana de este jueves con la colaboraci\u00f3n de m\u00e1s de 80 efectivos policiales de distintas \u00e1reas de la jurisdicci\u00f3n y de las ocho \u00e1reas de la Unidad Especial de Investigaci\u00f3n Norte.<\/p>\n\n\n\n<p>Como resultado de la medida se detuvo a una mujer y dos hombres mayores de edad, quienes ser\u00e1n imputados en las pr\u00f3ximas horas.<\/p>\n\n\n\n<p>Tambi\u00e9n se produjo el secuestro de distintos elementos de inter\u00e9s para la causa.<\/p>\n","protected":false},"excerpt":{"rendered":"<p>El hecho investigado ocurri\u00f3 el pasado 19 de mayo, cuando durante la madrugada ingres\u00f3 al hospital de Or\u00e1n, Alejandro Jes\u00fas Avandillo con una herida de arma de fuego en la cabeza y falleci\u00f3 un mes despu\u00e9s. Por el hecho se encuentran detenidos e imputados dos hombres de 30 y 21 a\u00f1os. La investigaci\u00f3n inicialmente fue [&hellip;]<\/p>\n","protected":false},"author":2,"featured_media":72337,"comment_status":"open","ping_status":"open","sticky":false,"template":"","format":"standard","meta":{"tdm_status":"","tdm_grid_status":"","_joinchat":[],"footnotes":""},"categories":[63],"tags":[],"class_list":{"0":"post-72336","1":"post","2":"type-post","3":"status-publish","4":"format-standard","5":"has-post-thumbnail","7":"category-policiales"},"amp_enabled":true,"_links":{"self":[{"href":"https:\/\/www.todoeldia.com\/index.php\/wp-json\/wp\/v2\/posts\/72336","targetHints":{"allow":["GET"]}}],"collection":[{"href":"https:\/\/www.todoeldia.com\/index.php\/wp-json\/wp\/v2\/posts"}],"about":[{"href":"https:\/\/www.todoeldia.com\/index.php\/wp-json\/wp\/v2\/types\/post"}],"author":[{"embeddable":true,"href":"https:\/\/www.todoeldia.com\/index.php\/wp-json\/wp\/v2\/users\/2"}],"replies":[{"embeddable":true,"href":"https:\/\/www.todoeldia.com\/index.php\/wp-json\/wp\/v2\/comments?post=72336"}],"version-history":[{"count":1,"href":"https:\/\/www.todoeldia.com\/index.php\/wp-json\/wp\/v2\/posts\/72336\/revisions"}],"predecessor-version":[{"id":72339,"href":"https:\/\/www.todoeldia.com\/index.php\/wp-json\/wp\/v2\/posts\/72336\/revisions\/72339"}],"wp:featuredmedia":[{"embeddable":true,"href":"https:\/\/www.todoeldia.com\/index.php\/wp-json\/wp\/v2\/media\/72337"}],"wp:attachment":[{"href":"https:\/\/www.todoeldia.com\/index.php\/wp-json\/wp\/v2\/media?parent=72336"}],"wp:term":[{"taxonomy":"category","embeddable":true,"href":"https:\/\/www.todoeldia.com\/index.php\/wp-json\/wp\/v2\/categories?post=72336"},{"taxonomy":"post_tag","embeddable":true,"href":"https:\/\/www.todoeldia.com\/index.php\/wp-json\/wp\/v2\/tags?post=72336"}],"curies":[{"name":"wp","href":"https:\/\/api.w.org\/{rel}","templated":true}]}}