{"id":7234,"date":"2020-09-30T17:59:34","date_gmt":"2020-09-30T20:59:34","guid":{"rendered":"https:\/\/www.todoeldia.com\/?p=7234"},"modified":"2020-09-30T17:59:35","modified_gmt":"2020-09-30T20:59:35","slug":"el-563-de-los-chicos-menores-de-14-anos-de-la-argentina-son-pobres","status":"publish","type":"post","link":"https:\/\/www.todoeldia.com\/index.php\/2020\/09\/30\/el-563-de-los-chicos-menores-de-14-anos-de-la-argentina-son-pobres\/","title":{"rendered":"El 56,3% de los chicos menores de 14 a\u00f1os de la Argentina son pobres"},"content":{"rendered":"\n<p>Hace un a\u00f1o, el porcentaje llegaba al 52,6%; son ni\u00f1os que viven en hogares que no cubren la canasta b\u00e1sica de $ 43.785 y poco m\u00e1s del 15% subsiste en la indigencia absoluta<\/p>\n\n\n\n<p>Las promesas de un pa\u00eds m\u00e1s justo o de pobreza cero se pierden en el n\u00famero real que acaba de dar a conocer el Instituto de Estad\u00edsticas y Censos de la Naci\u00f3n que se\u00f1ala que&nbsp;m\u00e1s de la mitad de los ni\u00f1os menores de 14 del pa\u00eds son pobres.<\/p>\n\n\n\n<p>Seg\u00fan la Encuesta Permanente de Hogares (EPH) del Indec la pobreza afect\u00f3 a 40,9% de los argentinos en el segundo semestre del a\u00f1o, el m\u00e1s golpeado por la profundizaci\u00f3n de la crisis econ\u00f3mica impulsada por las medidas para contener a la pandemia. En el primer semestre de 2019 hab\u00eda alcanzado a un 35,4% de la ciudadan\u00eda.<\/p>\n\n\n\n<p>Asimismo, la indigencia salt\u00f3 de 8,1% al 10,5% de la poblaci\u00f3n, lo que significa que pas\u00f3 de 754.000 hogares a 3 millones de personas.<\/p>\n\n\n\n<p>Seg\u00fan&nbsp;el informe del Indec, el 56,3% de las personas de 0 a 14 a\u00f1os son pobres. De ese total, el 15,6% de los ni\u00f1os vive en la indigencia en hogares en donde los ingresos no llegan a los 11.000 pesos y no alcanzan a cubrir una canasta 17.000 pesos.<\/p>\n\n\n\n<p>Asimismo, establece aunque el mayor crecimiento con relaci\u00f3n al semestre anterior se observ\u00f3 en los grupos de personas de 15 a 29 a\u00f1os, con un aumento de 7,1 puntos porcentuales.; y las de 30 a 64, con una suba de 5,7 puntos porcentuales.<\/p>\n\n\n\n<p>El porcentaje total de pobres para ambos grupos es de 49,6% y 36,2%, respectivamente. En la poblaci\u00f3n de 65 a\u00f1os y m\u00e1s pr\u00e1cticamente no hubo modificaciones y se mantuvo en 11,4% bajo la l\u00ednea de pobreza.<\/p>\n","protected":false},"excerpt":{"rendered":"<p>Hace un a\u00f1o, el porcentaje llegaba al 52,6%; son ni\u00f1os que viven en hogares que no cubren la canasta b\u00e1sica de $ 43.785 y poco m\u00e1s del 15% subsiste en la indigencia absoluta Las promesas de un pa\u00eds m\u00e1s justo o de pobreza cero se pierden en el n\u00famero real que acaba de dar a [&hellip;]<\/p>\n","protected":false},"author":2,"featured_media":7235,"comment_status":"open","ping_status":"open","sticky":false,"template":"","format":"standard","meta":{"tdm_status":"","tdm_grid_status":"","_joinchat":[],"footnotes":""},"categories":[60],"tags":[],"class_list":{"0":"post-7234","1":"post","2":"type-post","3":"status-publish","4":"format-standard","5":"has-post-thumbnail","7":"category-economia"},"amp_enabled":true,"_links":{"self":[{"href":"https:\/\/www.todoeldia.com\/index.php\/wp-json\/wp\/v2\/posts\/7234","targetHints":{"allow":["GET"]}}],"collection":[{"href":"https:\/\/www.todoeldia.com\/index.php\/wp-json\/wp\/v2\/posts"}],"about":[{"href":"https:\/\/www.todoeldia.com\/index.php\/wp-json\/wp\/v2\/types\/post"}],"author":[{"embeddable":true,"href":"https:\/\/www.todoeldia.com\/index.php\/wp-json\/wp\/v2\/users\/2"}],"replies":[{"embeddable":true,"href":"https:\/\/www.todoeldia.com\/index.php\/wp-json\/wp\/v2\/comments?post=7234"}],"version-history":[{"count":1,"href":"https:\/\/www.todoeldia.com\/index.php\/wp-json\/wp\/v2\/posts\/7234\/revisions"}],"predecessor-version":[{"id":7236,"href":"https:\/\/www.todoeldia.com\/index.php\/wp-json\/wp\/v2\/posts\/7234\/revisions\/7236"}],"wp:featuredmedia":[{"embeddable":true,"href":"https:\/\/www.todoeldia.com\/index.php\/wp-json\/wp\/v2\/media\/7235"}],"wp:attachment":[{"href":"https:\/\/www.todoeldia.com\/index.php\/wp-json\/wp\/v2\/media?parent=7234"}],"wp:term":[{"taxonomy":"category","embeddable":true,"href":"https:\/\/www.todoeldia.com\/index.php\/wp-json\/wp\/v2\/categories?post=7234"},{"taxonomy":"post_tag","embeddable":true,"href":"https:\/\/www.todoeldia.com\/index.php\/wp-json\/wp\/v2\/tags?post=7234"}],"curies":[{"name":"wp","href":"https:\/\/api.w.org\/{rel}","templated":true}]}}