{"id":72340,"date":"2024-02-01T20:31:14","date_gmt":"2024-02-01T23:31:14","guid":{"rendered":"https:\/\/www.todoeldia.com\/?p=72340"},"modified":"2024-02-01T20:31:14","modified_gmt":"2024-02-01T23:31:14","slug":"confirmaron-que-el-cuerpo-encontrado-cerca-de-claromeco-es-del-kayakista-que-estaba-desaparecido","status":"publish","type":"post","link":"https:\/\/www.todoeldia.com\/index.php\/2024\/02\/01\/confirmaron-que-el-cuerpo-encontrado-cerca-de-claromeco-es-del-kayakista-que-estaba-desaparecido\/","title":{"rendered":"Confirmaron que el cuerpo encontrado cerca de Claromec\u00f3 es del kayakista que estaba desaparecido"},"content":{"rendered":"\n<p>La \u00faltima vez que se conoci\u00f3 al joven fue el domingo 21 de enero. La autopsia se llev\u00f3 a cabo en las \u00faltimas horas.<\/p>\n\n\n\n<p>La Municipalidad de Tres Arroyos inform\u00f3 este jueves que el cuerpo encontrado ayer en el mar cerca de Claromec\u00f3 pertenece a Federico Saihueque Cuevas, el joven kayakista que estaba desaparecido desde el domingo 21 de enero.<\/p>\n\n\n\n<p>\u201cLa Municipalidad de Tres Arroyos y la Secretar\u00eda de Seguridad informan que en la tarde de hoy se llev\u00f3 a cabo la autopsia dispuesta por la autoridad judicial correspondiente del cuerpo hallado en el mar de Claromec\u00f3 el d\u00eda de ayer\u201d, indicaron en el comunicado.<\/p>\n\n\n\n<p>Ayer, cerca del mediod\u00eda, un grupo de pescadores hab\u00edan encontrado el cuerpo del joven a unos 5 kil\u00f3metros de la costa de Claromec\u00f3, en l\u00ednea con la zona del faro. Dieron aviso a las autoridades y Prefectura Naval se hizo presente en el lugar para llevar adelante el procedimiento correspondiente.<\/p>\n","protected":false},"excerpt":{"rendered":"<p>La \u00faltima vez que se conoci\u00f3 al joven fue el domingo 21 de enero. La autopsia se llev\u00f3 a cabo en las \u00faltimas horas. La Municipalidad de Tres Arroyos inform\u00f3 este jueves que el cuerpo encontrado ayer en el mar cerca de Claromec\u00f3 pertenece a Federico Saihueque Cuevas, el joven kayakista que estaba desaparecido desde [&hellip;]<\/p>\n","protected":false},"author":2,"featured_media":72341,"comment_status":"open","ping_status":"open","sticky":false,"template":"","format":"standard","meta":{"tdm_status":"","tdm_grid_status":"","_joinchat":[],"footnotes":""},"categories":[63],"tags":[],"class_list":{"0":"post-72340","1":"post","2":"type-post","3":"status-publish","4":"format-standard","5":"has-post-thumbnail","7":"category-policiales"},"amp_enabled":true,"_links":{"self":[{"href":"https:\/\/www.todoeldia.com\/index.php\/wp-json\/wp\/v2\/posts\/72340","targetHints":{"allow":["GET"]}}],"collection":[{"href":"https:\/\/www.todoeldia.com\/index.php\/wp-json\/wp\/v2\/posts"}],"about":[{"href":"https:\/\/www.todoeldia.com\/index.php\/wp-json\/wp\/v2\/types\/post"}],"author":[{"embeddable":true,"href":"https:\/\/www.todoeldia.com\/index.php\/wp-json\/wp\/v2\/users\/2"}],"replies":[{"embeddable":true,"href":"https:\/\/www.todoeldia.com\/index.php\/wp-json\/wp\/v2\/comments?post=72340"}],"version-history":[{"count":1,"href":"https:\/\/www.todoeldia.com\/index.php\/wp-json\/wp\/v2\/posts\/72340\/revisions"}],"predecessor-version":[{"id":72342,"href":"https:\/\/www.todoeldia.com\/index.php\/wp-json\/wp\/v2\/posts\/72340\/revisions\/72342"}],"wp:featuredmedia":[{"embeddable":true,"href":"https:\/\/www.todoeldia.com\/index.php\/wp-json\/wp\/v2\/media\/72341"}],"wp:attachment":[{"href":"https:\/\/www.todoeldia.com\/index.php\/wp-json\/wp\/v2\/media?parent=72340"}],"wp:term":[{"taxonomy":"category","embeddable":true,"href":"https:\/\/www.todoeldia.com\/index.php\/wp-json\/wp\/v2\/categories?post=72340"},{"taxonomy":"post_tag","embeddable":true,"href":"https:\/\/www.todoeldia.com\/index.php\/wp-json\/wp\/v2\/tags?post=72340"}],"curies":[{"name":"wp","href":"https:\/\/api.w.org\/{rel}","templated":true}]}}