{"id":72447,"date":"2024-02-03T21:52:59","date_gmt":"2024-02-04T00:52:59","guid":{"rendered":"https:\/\/www.todoeldia.com\/?p=72447"},"modified":"2024-02-03T21:53:00","modified_gmt":"2024-02-04T00:53:00","slug":"devastador-incendio-en-chile-ya-son-46-los-fallecidos-en-la-region-de-valparaiso","status":"publish","type":"post","link":"https:\/\/www.todoeldia.com\/index.php\/2024\/02\/03\/devastador-incendio-en-chile-ya-son-46-los-fallecidos-en-la-region-de-valparaiso\/","title":{"rendered":"Devastador incendio en Chile: ya son 46 los fallecidos en la regi\u00f3n de Valpara\u00edso"},"content":{"rendered":"\n<p>El presidente Boric declar\u00f3 el estado de excepci\u00f3n por cat\u00e1strofe.<\/p>\n\n\n\n<p>El presidente de Chile, Gabriel Boric, confirm\u00f3 en la tarde del s\u00e1bado que la cifra de fallecidos por los incendios forestales alcanza las 46 personas. El fuego arrasa sectores poblados de Vi\u00f1a del Mar y la tur\u00edstica regi\u00f3n de Valpara\u00edso, como Limanche, Quilpu\u00e9 y Villa Alemana en el centro del pa\u00eds.<\/p>\n\n\n\n<figure class=\"wp-block-image size-full\"><img loading=\"lazy\" decoding=\"async\" width=\"1023\" height=\"682\" src=\"https:\/\/www.todoeldia.com\/wp-content\/uploads\/2024\/02\/image-11.png\" alt=\"\" class=\"wp-image-72449\" srcset=\"https:\/\/www.todoeldia.com\/wp-content\/uploads\/2024\/02\/image-11.png 1023w, https:\/\/www.todoeldia.com\/wp-content\/uploads\/2024\/02\/image-11-300x200.png 300w, https:\/\/www.todoeldia.com\/wp-content\/uploads\/2024\/02\/image-11-768x512.png 768w, https:\/\/www.todoeldia.com\/wp-content\/uploads\/2024\/02\/image-11-696x464.png 696w, https:\/\/www.todoeldia.com\/wp-content\/uploads\/2024\/02\/image-11-630x420.png 630w\" sizes=\"auto, (max-width: 1023px) 100vw, 1023px\" \/><\/figure>\n\n\n\n<p>\u201cSe registran 40 personas fallecidas durante el incendio y seis adicionales producto de las quemaduras\u201d, asegur\u00f3 Boric desde el Palacio de La Moneda en Santiago, luego sobrevolar en helic\u00f3ptero la regi\u00f3n afectada, con focos de fuego entre 80 y 120 km al noroeste de la capital.<\/p>\n\n\n\n<p>Los incendios forestales afectan 43 mil hect\u00e1reas en Chile y llevaron al mandatario chileno a declarar el estado de excepci\u00f3n por la cat\u00e1strofe que se desata en el centro y sur del pa\u00eds, incluyendo zonas tur\u00edsticas, seg\u00fan inform\u00f3 este s\u00e1bado la ministra del Interior y Seguridad P\u00fablica, Carolina Toh\u00e1, mientras trabajan en las zonas 30 brigadas, mil bomberos y 17 aviones para controlarlos.<\/p>\n\n\n\n<figure class=\"wp-block-image size-full\"><img loading=\"lazy\" decoding=\"async\" width=\"1023\" height=\"681\" src=\"https:\/\/www.todoeldia.com\/wp-content\/uploads\/2024\/02\/image-12.png\" alt=\"\" class=\"wp-image-72450\" srcset=\"https:\/\/www.todoeldia.com\/wp-content\/uploads\/2024\/02\/image-12.png 1023w, https:\/\/www.todoeldia.com\/wp-content\/uploads\/2024\/02\/image-12-300x200.png 300w, https:\/\/www.todoeldia.com\/wp-content\/uploads\/2024\/02\/image-12-768x511.png 768w, https:\/\/www.todoeldia.com\/wp-content\/uploads\/2024\/02\/image-12-696x463.png 696w, https:\/\/www.todoeldia.com\/wp-content\/uploads\/2024\/02\/image-12-631x420.png 631w\" sizes=\"auto, (max-width: 1023px) 100vw, 1023px\" \/><\/figure>\n\n\n\n<p>\u201cHoy en d\u00eda hay cuatro incendios que se mantienen muy activos, particularmente en La Tablas, que es donde se inici\u00f3 el fuego el d\u00eda de ayer con cuatro focos sincronizados: Lo Moscoso en Villa Alemana, en Quillota 30 hect\u00e1reas tambi\u00e9n y curiosamente un incendio que se inici\u00f3 en Curauma, en el Tranque La Luz, en horas de la ma\u00f1ana, antes de las 8, un incendio extra\u00f1o\u201d, comparti\u00f3 el gobernador de la Regi\u00f3n de Valpara\u00edso, Rodrigo Mundaca, en redes sociales actualizando la situaci\u00f3n.<\/p>\n","protected":false},"excerpt":{"rendered":"<p>El presidente Boric declar\u00f3 el estado de excepci\u00f3n por cat\u00e1strofe. El presidente de Chile, Gabriel Boric, confirm\u00f3 en la tarde del s\u00e1bado que la cifra de fallecidos por los incendios forestales alcanza las 46 personas. El fuego arrasa sectores poblados de Vi\u00f1a del Mar y la tur\u00edstica regi\u00f3n de Valpara\u00edso, como Limanche, Quilpu\u00e9 y Villa [&hellip;]<\/p>\n","protected":false},"author":2,"featured_media":72448,"comment_status":"open","ping_status":"open","sticky":false,"template":"","format":"standard","meta":{"tdm_status":"","tdm_grid_status":"","_joinchat":[],"footnotes":""},"categories":[73],"tags":[],"class_list":{"0":"post-72447","1":"post","2":"type-post","3":"status-publish","4":"format-standard","5":"has-post-thumbnail","7":"category-noticias-general"},"amp_enabled":true,"_links":{"self":[{"href":"https:\/\/www.todoeldia.com\/index.php\/wp-json\/wp\/v2\/posts\/72447","targetHints":{"allow":["GET"]}}],"collection":[{"href":"https:\/\/www.todoeldia.com\/index.php\/wp-json\/wp\/v2\/posts"}],"about":[{"href":"https:\/\/www.todoeldia.com\/index.php\/wp-json\/wp\/v2\/types\/post"}],"author":[{"embeddable":true,"href":"https:\/\/www.todoeldia.com\/index.php\/wp-json\/wp\/v2\/users\/2"}],"replies":[{"embeddable":true,"href":"https:\/\/www.todoeldia.com\/index.php\/wp-json\/wp\/v2\/comments?post=72447"}],"version-history":[{"count":1,"href":"https:\/\/www.todoeldia.com\/index.php\/wp-json\/wp\/v2\/posts\/72447\/revisions"}],"predecessor-version":[{"id":72451,"href":"https:\/\/www.todoeldia.com\/index.php\/wp-json\/wp\/v2\/posts\/72447\/revisions\/72451"}],"wp:featuredmedia":[{"embeddable":true,"href":"https:\/\/www.todoeldia.com\/index.php\/wp-json\/wp\/v2\/media\/72448"}],"wp:attachment":[{"href":"https:\/\/www.todoeldia.com\/index.php\/wp-json\/wp\/v2\/media?parent=72447"}],"wp:term":[{"taxonomy":"category","embeddable":true,"href":"https:\/\/www.todoeldia.com\/index.php\/wp-json\/wp\/v2\/categories?post=72447"},{"taxonomy":"post_tag","embeddable":true,"href":"https:\/\/www.todoeldia.com\/index.php\/wp-json\/wp\/v2\/tags?post=72447"}],"curies":[{"name":"wp","href":"https:\/\/api.w.org\/{rel}","templated":true}]}}