{"id":72455,"date":"2024-02-04T10:58:23","date_gmt":"2024-02-04T13:58:23","guid":{"rendered":"https:\/\/www.todoeldia.com\/?p=72455"},"modified":"2024-02-04T10:58:24","modified_gmt":"2024-02-04T13:58:24","slug":"a-patrullar-a-pie-se-fundio-el-movil-policial-de-quijano-y-les-dijeron-que-no-hay-plata","status":"publish","type":"post","link":"https:\/\/www.todoeldia.com\/index.php\/2024\/02\/04\/a-patrullar-a-pie-se-fundio-el-movil-policial-de-quijano-y-les-dijeron-que-no-hay-plata\/","title":{"rendered":"A patrullar a pie: se fundi\u00f3 el m\u00f3vil policial de Quijano y les dijeron que no hay plata"},"content":{"rendered":"\n<p>El fin de semana pasado el m\u00f3vil policial de la comisar\u00eda 7 de Campo Quijano dijo basta, dejando a los efectivos policiales obligados a acudir a pie a los requerimientos de seguridad. Aparentemente, el arreglo ser\u00e1 muy dif\u00edcil por los altos costos de los repuestos y la escasez de recursos.<\/p>\n\n\n\n<p>El motor del m\u00f3vil 2048 de la comisar\u00eda quijane\u00f1a se fundi\u00f3 durante una jornada de patrullaje el fin de semana pasado, por lo cual fue derivado al taller de la Divisi\u00f3n de Transporte de la polic\u00eda de la provincia. Seg\u00fan comentaron a #LaLlaveDelPortal , desde el taller informaron hoy que el veh\u00edculo no tendr\u00e1 arreglo por el momento debido a los altos costos de los repuestos, as\u00ed que no habr\u00e1 m\u00f3vil hasta nuevo aviso.<\/p>\n\n\n\n<p>La circunstancia se da en un p\u00e9simo momento, considerando la plena temporada de verano y carnaval, con la realizaci\u00f3n de m\u00faltiples eventos. La cobertura policial en estos d\u00edas es indispensable y su movilidad fundamental para acudir r\u00e1pidamente en casos de emergencia.<\/p>\n\n\n\n<p>Por el momento, la polic\u00eda utiliza la &#8220;tracci\u00f3n a pie&#8221;, usan alg\u00fan veh\u00edculo particular de prestado o remis. Apelan a la intervenci\u00f3n de las autoridades para buscar una pronta soluci\u00f3n.<\/p>\n\n\n\n<p>#LaLlaveDelPortal #CampoQuijano<\/p>\n","protected":false},"excerpt":{"rendered":"<p>El fin de semana pasado el m\u00f3vil policial de la comisar\u00eda 7 de Campo Quijano dijo basta, dejando a los efectivos policiales obligados a acudir a pie a los requerimientos de seguridad. Aparentemente, el arreglo ser\u00e1 muy dif\u00edcil por los altos costos de los repuestos y la escasez de recursos. El motor del m\u00f3vil 2048 [&hellip;]<\/p>\n","protected":false},"author":2,"featured_media":72456,"comment_status":"open","ping_status":"open","sticky":false,"template":"","format":"standard","meta":{"tdm_status":"","tdm_grid_status":"","_joinchat":[],"footnotes":""},"categories":[63],"tags":[],"class_list":{"0":"post-72455","1":"post","2":"type-post","3":"status-publish","4":"format-standard","5":"has-post-thumbnail","7":"category-policiales"},"amp_enabled":true,"_links":{"self":[{"href":"https:\/\/www.todoeldia.com\/index.php\/wp-json\/wp\/v2\/posts\/72455","targetHints":{"allow":["GET"]}}],"collection":[{"href":"https:\/\/www.todoeldia.com\/index.php\/wp-json\/wp\/v2\/posts"}],"about":[{"href":"https:\/\/www.todoeldia.com\/index.php\/wp-json\/wp\/v2\/types\/post"}],"author":[{"embeddable":true,"href":"https:\/\/www.todoeldia.com\/index.php\/wp-json\/wp\/v2\/users\/2"}],"replies":[{"embeddable":true,"href":"https:\/\/www.todoeldia.com\/index.php\/wp-json\/wp\/v2\/comments?post=72455"}],"version-history":[{"count":1,"href":"https:\/\/www.todoeldia.com\/index.php\/wp-json\/wp\/v2\/posts\/72455\/revisions"}],"predecessor-version":[{"id":72457,"href":"https:\/\/www.todoeldia.com\/index.php\/wp-json\/wp\/v2\/posts\/72455\/revisions\/72457"}],"wp:featuredmedia":[{"embeddable":true,"href":"https:\/\/www.todoeldia.com\/index.php\/wp-json\/wp\/v2\/media\/72456"}],"wp:attachment":[{"href":"https:\/\/www.todoeldia.com\/index.php\/wp-json\/wp\/v2\/media?parent=72455"}],"wp:term":[{"taxonomy":"category","embeddable":true,"href":"https:\/\/www.todoeldia.com\/index.php\/wp-json\/wp\/v2\/categories?post=72455"},{"taxonomy":"post_tag","embeddable":true,"href":"https:\/\/www.todoeldia.com\/index.php\/wp-json\/wp\/v2\/tags?post=72455"}],"curies":[{"name":"wp","href":"https:\/\/api.w.org\/{rel}","templated":true}]}}