{"id":72458,"date":"2024-02-04T11:07:53","date_gmt":"2024-02-04T14:07:53","guid":{"rendered":"https:\/\/www.todoeldia.com\/?p=72458"},"modified":"2024-02-04T11:07:53","modified_gmt":"2024-02-04T14:07:53","slug":"murio-electrocutado-un-empleado-de-una-empresa-en-salvador-mazza","status":"publish","type":"post","link":"https:\/\/www.todoeldia.com\/index.php\/2024\/02\/04\/murio-electrocutado-un-empleado-de-una-empresa-en-salvador-mazza\/","title":{"rendered":"Muri\u00f3 electrocutado un empleado de una empresa en Salvador Mazza"},"content":{"rendered":"\n<p>Un changarin de una empresa ubicada a la vera de Ruta Nacional 34 en el acceso sur a Salvador Mazza falleci\u00f3 este jueves por la tarde al tocar accidentalmente los cables de alta tensi\u00f3n ubicados en el acceso a la planta.<\/p>\n\n\n\n<p>El pasado jueves cerca de las 15 el hombre que trabajaba como estibador en una finca ubicada en Arenales, Salvador Mazza falleci\u00f3 al tocar los cables de energ\u00eda que cruzaban por arriba del port\u00f3n de ingreso.<\/p>\n\n\n\n<p>De acuerdo con las declaraciones de testigos, el empleado sal\u00eda arriba de la caja del cami\u00f3n, sobre la lona de cubierta y no tuvo en cuenta la altura del cami\u00f3n y su cercan\u00eda con los cables.<\/p>\n\n\n\n<p>En el momento en que cruzaban por el port\u00f3n de acceso en salida hacia la Ruta Nacional 34, el trabajador toc\u00f3 accidentalmente los cables y la consecuente descarga provoc\u00f3 su fallecimiento, cayendo a un costado del cami\u00f3n.<\/p>\n\n\n\n<p>Peritos de Criminal\u00edstica de Polic\u00eda de Salta realizaron el registro de la escena. La investigaci\u00f3n por el hecho, en tanto, qued\u00f3 a cargo de la Fiscal\u00eda Penal de Salvador Mazza.<\/p>\n","protected":false},"excerpt":{"rendered":"<p>Un changarin de una empresa ubicada a la vera de Ruta Nacional 34 en el acceso sur a Salvador Mazza falleci\u00f3 este jueves por la tarde al tocar accidentalmente los cables de alta tensi\u00f3n ubicados en el acceso a la planta. El pasado jueves cerca de las 15 el hombre que trabajaba como estibador en [&hellip;]<\/p>\n","protected":false},"author":2,"featured_media":72459,"comment_status":"open","ping_status":"open","sticky":false,"template":"","format":"standard","meta":{"tdm_status":"","tdm_grid_status":"","_joinchat":[],"footnotes":""},"categories":[63],"tags":[],"class_list":{"0":"post-72458","1":"post","2":"type-post","3":"status-publish","4":"format-standard","5":"has-post-thumbnail","7":"category-policiales"},"amp_enabled":true,"_links":{"self":[{"href":"https:\/\/www.todoeldia.com\/index.php\/wp-json\/wp\/v2\/posts\/72458","targetHints":{"allow":["GET"]}}],"collection":[{"href":"https:\/\/www.todoeldia.com\/index.php\/wp-json\/wp\/v2\/posts"}],"about":[{"href":"https:\/\/www.todoeldia.com\/index.php\/wp-json\/wp\/v2\/types\/post"}],"author":[{"embeddable":true,"href":"https:\/\/www.todoeldia.com\/index.php\/wp-json\/wp\/v2\/users\/2"}],"replies":[{"embeddable":true,"href":"https:\/\/www.todoeldia.com\/index.php\/wp-json\/wp\/v2\/comments?post=72458"}],"version-history":[{"count":1,"href":"https:\/\/www.todoeldia.com\/index.php\/wp-json\/wp\/v2\/posts\/72458\/revisions"}],"predecessor-version":[{"id":72460,"href":"https:\/\/www.todoeldia.com\/index.php\/wp-json\/wp\/v2\/posts\/72458\/revisions\/72460"}],"wp:featuredmedia":[{"embeddable":true,"href":"https:\/\/www.todoeldia.com\/index.php\/wp-json\/wp\/v2\/media\/72459"}],"wp:attachment":[{"href":"https:\/\/www.todoeldia.com\/index.php\/wp-json\/wp\/v2\/media?parent=72458"}],"wp:term":[{"taxonomy":"category","embeddable":true,"href":"https:\/\/www.todoeldia.com\/index.php\/wp-json\/wp\/v2\/categories?post=72458"},{"taxonomy":"post_tag","embeddable":true,"href":"https:\/\/www.todoeldia.com\/index.php\/wp-json\/wp\/v2\/tags?post=72458"}],"curies":[{"name":"wp","href":"https:\/\/api.w.org\/{rel}","templated":true}]}}