{"id":72472,"date":"2024-02-04T12:28:36","date_gmt":"2024-02-04T15:28:36","guid":{"rendered":"https:\/\/www.todoeldia.com\/?p=72472"},"modified":"2024-02-04T12:28:36","modified_gmt":"2024-02-04T15:28:36","slug":"el-incendio-en-el-parque-los-alerces-destruyo-mas-de-3-100-hectareas-de-bosques-de-chubut-y-rio-negro","status":"publish","type":"post","link":"https:\/\/www.todoeldia.com\/index.php\/2024\/02\/04\/el-incendio-en-el-parque-los-alerces-destruyo-mas-de-3-100-hectareas-de-bosques-de-chubut-y-rio-negro\/","title":{"rendered":"El incendio en el Parque Los Alerces destruy\u00f3 m\u00e1s de 3.100 hect\u00e1reas de bosques de Chubut y R\u00edo Negro"},"content":{"rendered":"\n<p>El siniestro \u201csigue activo en todos los sectores\u201d, asegur\u00f3 hoy a la ma\u00f1ana Mario C\u00e1rdenas, jefe del departamento de Incendios Comunicaciones y Emergencias (ICE) de la zona protegida. Se investiga si el fuego fue intencional.<\/p>\n\n\n\n<p>El Comando Unificado del Parque Nacional Los Alerces y el Servicio Provincial de Manejo del Fuego de la Secretar\u00eda de Bosques de Chubut informaron que el incendio forestal desatado en el Parque Nacional Los Alerces arras\u00f3 con 3.147 hect\u00e1reas, seg\u00fan los datos que recabaron durante la jornada del s\u00e1bado. \u201cEl fuego contin\u00faa activo en la mayor\u00eda de los frentes\u201d, alertaron.<\/p>\n\n\n\n<figure class=\"wp-block-image size-full is-resized\"><img loading=\"lazy\" decoding=\"async\" width=\"420\" height=\"420\" src=\"https:\/\/www.todoeldia.com\/wp-content\/uploads\/2024\/02\/image-22.png\" alt=\"\" class=\"wp-image-72474\" style=\"width:1035px;height:auto\" srcset=\"https:\/\/www.todoeldia.com\/wp-content\/uploads\/2024\/02\/image-22.png 420w, https:\/\/www.todoeldia.com\/wp-content\/uploads\/2024\/02\/image-22-300x300.png 300w, https:\/\/www.todoeldia.com\/wp-content\/uploads\/2024\/02\/image-22-150x150.png 150w\" sizes=\"auto, (max-width: 420px) 100vw, 420px\" \/><\/figure>\n\n\n\n<p><strong>El mapa de la zona afectada por el incendio que ya consumi\u00f3 m\u00e1s de 3.000 hect\u00e1reas de bosque nativo en el Parque Nacional Los Alerces y la provincia de Chubut.<\/strong><\/p>\n\n\n\n<p>Las autoridades publicaron un \u00faltimo informe sobre c\u00f3mo se desarrollaron las tareas de contenci\u00f3n, en las cuales participaron m\u00e1s de 260 brigadistas que se desplegaron por ocho sectores de la reserva natural, con el objetivo de evitar que las llamas contin\u00faen expandi\u00e9ndose por el territorio. Hasta el momento, se\u00f1alaron que las tierras quemadas pertenec\u00edan a bosques ubicados en las jurisdicciones de Chubut y R\u00edo Negro.<\/p>\n\n\n\n<figure class=\"wp-block-image size-full is-resized\"><img loading=\"lazy\" decoding=\"async\" width=\"420\" height=\"236\" src=\"https:\/\/www.todoeldia.com\/wp-content\/uploads\/2024\/02\/image-23.png\" alt=\"\" class=\"wp-image-72475\" style=\"width:1036px;height:auto\" srcset=\"https:\/\/www.todoeldia.com\/wp-content\/uploads\/2024\/02\/image-23.png 420w, https:\/\/www.todoeldia.com\/wp-content\/uploads\/2024\/02\/image-23-300x169.png 300w\" sizes=\"auto, (max-width: 420px) 100vw, 420px\" \/><\/figure>\n\n\n\n<p><strong>Helic\u00f3pteros con helibalde participan del operativo para controlar los focos de incendio en el Parque Nacional Los Alerces y la provincia de Chubut.<\/strong><\/p>\n\n\n\n<p>\u201cSe emplearon herramientas manuales en los puntos cr\u00edticos del incendio forestal, combinando con el trabajo de los medios a\u00e9reos y la maquinaria vial\u201d, apuntaron en el comunicado al asegurar que fue \u201cun d\u00eda productivo\u201d. Asimismo, indicaron que se destin\u00f3 maquinaria vial para abrir cortafuegos y fajas de contenci\u00f3n en los sectores que se encontraban m\u00e1s cercanos a las estructuras edilicias y los caminos rurales internos que son utilizados por los equipos a cargo del operativo.<\/p>\n\n\n\n<p>De acuerdo con la informaci\u00f3n obtenida por T\u00e9lam, los organismos comunicaron que hubo apoyo a\u00e9reo de helic\u00f3pteros y aviones hidrantes que descargaron agua sobre los puntos m\u00e1s cr\u00edticos, pese a que las tareas m\u00e1s arduas fueron realizadas por los expertos que ingresaron por tierra a la zona del incendio. Adem\u00e1s, los drones de observaci\u00f3n fueron utilizados para monitorear el desarrollo de las llamas y, as\u00ed, evaluar el estado de situaci\u00f3n de los frentes de fuego.<\/p>\n","protected":false},"excerpt":{"rendered":"<p>El siniestro \u201csigue activo en todos los sectores\u201d, asegur\u00f3 hoy a la ma\u00f1ana Mario C\u00e1rdenas, jefe del departamento de Incendios Comunicaciones y Emergencias (ICE) de la zona protegida. Se investiga si el fuego fue intencional. El Comando Unificado del Parque Nacional Los Alerces y el Servicio Provincial de Manejo del Fuego de la Secretar\u00eda de [&hellip;]<\/p>\n","protected":false},"author":2,"featured_media":72473,"comment_status":"open","ping_status":"open","sticky":false,"template":"","format":"standard","meta":{"tdm_status":"","tdm_grid_status":"","_joinchat":[],"footnotes":""},"categories":[73],"tags":[],"class_list":{"0":"post-72472","1":"post","2":"type-post","3":"status-publish","4":"format-standard","5":"has-post-thumbnail","7":"category-noticias-general"},"amp_enabled":true,"_links":{"self":[{"href":"https:\/\/www.todoeldia.com\/index.php\/wp-json\/wp\/v2\/posts\/72472","targetHints":{"allow":["GET"]}}],"collection":[{"href":"https:\/\/www.todoeldia.com\/index.php\/wp-json\/wp\/v2\/posts"}],"about":[{"href":"https:\/\/www.todoeldia.com\/index.php\/wp-json\/wp\/v2\/types\/post"}],"author":[{"embeddable":true,"href":"https:\/\/www.todoeldia.com\/index.php\/wp-json\/wp\/v2\/users\/2"}],"replies":[{"embeddable":true,"href":"https:\/\/www.todoeldia.com\/index.php\/wp-json\/wp\/v2\/comments?post=72472"}],"version-history":[{"count":1,"href":"https:\/\/www.todoeldia.com\/index.php\/wp-json\/wp\/v2\/posts\/72472\/revisions"}],"predecessor-version":[{"id":72476,"href":"https:\/\/www.todoeldia.com\/index.php\/wp-json\/wp\/v2\/posts\/72472\/revisions\/72476"}],"wp:featuredmedia":[{"embeddable":true,"href":"https:\/\/www.todoeldia.com\/index.php\/wp-json\/wp\/v2\/media\/72473"}],"wp:attachment":[{"href":"https:\/\/www.todoeldia.com\/index.php\/wp-json\/wp\/v2\/media?parent=72472"}],"wp:term":[{"taxonomy":"category","embeddable":true,"href":"https:\/\/www.todoeldia.com\/index.php\/wp-json\/wp\/v2\/categories?post=72472"},{"taxonomy":"post_tag","embeddable":true,"href":"https:\/\/www.todoeldia.com\/index.php\/wp-json\/wp\/v2\/tags?post=72472"}],"curies":[{"name":"wp","href":"https:\/\/api.w.org\/{rel}","templated":true}]}}