{"id":72477,"date":"2024-02-04T12:36:15","date_gmt":"2024-02-04T15:36:15","guid":{"rendered":"https:\/\/www.todoeldia.com\/?p=72477"},"modified":"2024-02-04T12:50:15","modified_gmt":"2024-02-04T15:50:15","slug":"devastacion-en-chile-el-numero-de-muertos-por-los-incendios-ascendio-a-56-y-hay-mas-de-370-desaparecidos","status":"publish","type":"post","link":"https:\/\/www.todoeldia.com\/index.php\/2024\/02\/04\/devastacion-en-chile-el-numero-de-muertos-por-los-incendios-ascendio-a-56-y-hay-mas-de-370-desaparecidos\/","title":{"rendered":"Devastaci\u00f3n en Chile: el n\u00famero de muertos por los incendios ascendi\u00f3 a 56 y hay m\u00e1s de 370 desaparecidos"},"content":{"rendered":"\n<p>Las autoridades chilenas calificaron la tragedia como la de mayor gravedad desde el terremoto de 2010. El presidente Boric lleg\u00f3 a la regi\u00f3n afectada para dimensionar en terreno la magnitud de la cat\u00e1strofe.<\/p>\n\n\n\n<figure class=\"wp-block-image size-large\"><img loading=\"lazy\" decoding=\"async\" width=\"1024\" height=\"683\" src=\"https:\/\/www.todoeldia.com\/wp-content\/uploads\/2024\/02\/image-27-1024x683.png\" alt=\"\" class=\"wp-image-72486\" srcset=\"https:\/\/www.todoeldia.com\/wp-content\/uploads\/2024\/02\/image-27-1024x683.png 1024w, https:\/\/www.todoeldia.com\/wp-content\/uploads\/2024\/02\/image-27-300x200.png 300w, https:\/\/www.todoeldia.com\/wp-content\/uploads\/2024\/02\/image-27-768x512.png 768w, https:\/\/www.todoeldia.com\/wp-content\/uploads\/2024\/02\/image-27-696x464.png 696w, https:\/\/www.todoeldia.com\/wp-content\/uploads\/2024\/02\/image-27-1068x712.png 1068w, https:\/\/www.todoeldia.com\/wp-content\/uploads\/2024\/02\/image-27-630x420.png 630w, https:\/\/www.todoeldia.com\/wp-content\/uploads\/2024\/02\/image-27.png 1440w\" sizes=\"auto, (max-width: 1024px) 100vw, 1024px\" \/><\/figure>\n\n\n\n<p>Las autoridades chilenas informaron este domingo que el n\u00famero de muertos en los devastadores incendios que han consumido grandes sectores de viviendas en la regi\u00f3n de Valpara\u00edso, a 100 kil\u00f3metros al este de Santiago, aument\u00f3 a 56, aunque se espera que siga creciendo con las horas.<\/p>\n\n\n\n<figure class=\"wp-block-embed is-type-video is-provider-youtube wp-block-embed-youtube wp-embed-aspect-16-9 wp-has-aspect-ratio\"><div class=\"wp-block-embed__wrapper\">\n<iframe loading=\"lazy\" title=\"Los incendios en Chile dejan al menos 51 muertos: el Gobierno advierte que las v\u00edctimas aumentar\u00e1n\" width=\"696\" height=\"392\" src=\"https:\/\/www.youtube.com\/embed\/dH_Tn37e044?feature=oembed\" frameborder=\"0\" allow=\"accelerometer; autoplay; clipboard-write; encrypted-media; gyroscope; picture-in-picture; web-share\" allowfullscreen><\/iframe>\n<\/div><\/figure>\n\n\n\n<p>\u201cSe nos ha actualizado la cantidad, lamentable, de personas fallecidas en esta emergencia por parte del Servicio M\u00e9dico Legal (SML) y ha ascendido a 56\u2033, dijo la delegada presidencial de la regi\u00f3n, Sof\u00eda Gonz\u00e1lez.<\/p>\n\n\n\n<figure class=\"wp-block-image size-full is-resized\"><img loading=\"lazy\" decoding=\"async\" width=\"750\" height=\"500\" src=\"https:\/\/www.todoeldia.com\/wp-content\/uploads\/2024\/02\/incendio-en-chile-3.jpg\" alt=\"\" class=\"wp-image-72488\" style=\"width:1068px;height:auto\" srcset=\"https:\/\/www.todoeldia.com\/wp-content\/uploads\/2024\/02\/incendio-en-chile-3.jpg 750w, https:\/\/www.todoeldia.com\/wp-content\/uploads\/2024\/02\/incendio-en-chile-3-300x200.jpg 300w, https:\/\/www.todoeldia.com\/wp-content\/uploads\/2024\/02\/incendio-en-chile-3-696x464.jpg 696w, https:\/\/www.todoeldia.com\/wp-content\/uploads\/2024\/02\/incendio-en-chile-3-630x420.jpg 630w\" sizes=\"auto, (max-width: 750px) 100vw, 750px\" \/><\/figure>\n\n\n\n<p>Las autoridades ya la consideran la mayor emergencia natural desde el terremoto de 2010, que dej\u00f3 525 muertos y miles de heridos en el sur.<\/p>\n\n\n\n<p>El presidente chileno, Gabriel Boric, que decret\u00f3 el estado de excepci\u00f3n en la zona el viernes para movilizar los recursos necesarios para enfrentar la emergencia, lleg\u00f3 este domingo a la regi\u00f3n para dimensionar en terreno la magnitud de la cat\u00e1strofe.<\/p>\n\n\n\n<figure class=\"wp-block-image size-full is-resized\"><img loading=\"lazy\" decoding=\"async\" width=\"900\" height=\"600\" src=\"https:\/\/www.todoeldia.com\/wp-content\/uploads\/2024\/02\/incendio-en-chile-4.jpg\" alt=\"\" class=\"wp-image-72489\" style=\"width:1071px;height:auto\" srcset=\"https:\/\/www.todoeldia.com\/wp-content\/uploads\/2024\/02\/incendio-en-chile-4.jpg 900w, https:\/\/www.todoeldia.com\/wp-content\/uploads\/2024\/02\/incendio-en-chile-4-300x200.jpg 300w, https:\/\/www.todoeldia.com\/wp-content\/uploads\/2024\/02\/incendio-en-chile-4-768x512.jpg 768w, https:\/\/www.todoeldia.com\/wp-content\/uploads\/2024\/02\/incendio-en-chile-4-696x464.jpg 696w, https:\/\/www.todoeldia.com\/wp-content\/uploads\/2024\/02\/incendio-en-chile-4-630x420.jpg 630w\" sizes=\"auto, (max-width: 900px) 100vw, 900px\" \/><\/figure>\n\n\n\n<p>La alcaldesa de Vi\u00f1a del Mar, una de las ciudades m\u00e1s afectadas por el fuego, dijo ayer que el Municipio maneja un catastro provisional de 372 personas desaparecidas, que no implica que todas ellas est\u00e9n muertas pero s\u00ed da una idea de la magnitud de la tragedia.<\/p>\n\n\n\n<figure class=\"wp-block-image size-full is-resized\"><img loading=\"lazy\" decoding=\"async\" width=\"900\" height=\"600\" src=\"https:\/\/www.todoeldia.com\/wp-content\/uploads\/2024\/02\/incendio-en-chile-5.jpg\" alt=\"\" class=\"wp-image-72490\" style=\"width:1068px;height:auto\" srcset=\"https:\/\/www.todoeldia.com\/wp-content\/uploads\/2024\/02\/incendio-en-chile-5.jpg 900w, https:\/\/www.todoeldia.com\/wp-content\/uploads\/2024\/02\/incendio-en-chile-5-300x200.jpg 300w, https:\/\/www.todoeldia.com\/wp-content\/uploads\/2024\/02\/incendio-en-chile-5-768x512.jpg 768w, https:\/\/www.todoeldia.com\/wp-content\/uploads\/2024\/02\/incendio-en-chile-5-696x464.jpg 696w, https:\/\/www.todoeldia.com\/wp-content\/uploads\/2024\/02\/incendio-en-chile-5-630x420.jpg 630w\" sizes=\"auto, (max-width: 900px) 100vw, 900px\" \/><\/figure>\n\n\n\n<p>Seg\u00fan el \u00faltimo reporte de la Corporaci\u00f3n Nacional Forestal, hay al menos siete incendios activos actualmente en Valpara\u00edso, siendo el de mayor magnitud el de la Reserva Lago Pe\u00f1uelas\/Las Tablas, al costado de la principal autopista de la zona, que ya ha quemado cerca de 9.300 hect\u00e1reas.<\/p>\n\n\n\n<p>Este incendio, junto al que se desarrolla en Lo Moscoso, con 1.350 hect\u00e1reas abrasadas, preocupa especialmente por su virulencia y su cercan\u00eda a zonas densamente pobladas.<\/p>\n","protected":false},"excerpt":{"rendered":"<p>Las autoridades chilenas calificaron la tragedia como la de mayor gravedad desde el terremoto de 2010. El presidente Boric lleg\u00f3 a la regi\u00f3n afectada para dimensionar en terreno la magnitud de la cat\u00e1strofe. Las autoridades chilenas informaron este domingo que el n\u00famero de muertos en los devastadores incendios que han consumido grandes sectores de viviendas [&hellip;]<\/p>\n","protected":false},"author":2,"featured_media":72491,"comment_status":"open","ping_status":"open","sticky":false,"template":"","format":"standard","meta":{"tdm_status":"","tdm_grid_status":"","_joinchat":[],"footnotes":""},"categories":[73],"tags":[],"class_list":{"0":"post-72477","1":"post","2":"type-post","3":"status-publish","4":"format-standard","5":"has-post-thumbnail","7":"category-noticias-general"},"amp_enabled":true,"_links":{"self":[{"href":"https:\/\/www.todoeldia.com\/index.php\/wp-json\/wp\/v2\/posts\/72477","targetHints":{"allow":["GET"]}}],"collection":[{"href":"https:\/\/www.todoeldia.com\/index.php\/wp-json\/wp\/v2\/posts"}],"about":[{"href":"https:\/\/www.todoeldia.com\/index.php\/wp-json\/wp\/v2\/types\/post"}],"author":[{"embeddable":true,"href":"https:\/\/www.todoeldia.com\/index.php\/wp-json\/wp\/v2\/users\/2"}],"replies":[{"embeddable":true,"href":"https:\/\/www.todoeldia.com\/index.php\/wp-json\/wp\/v2\/comments?post=72477"}],"version-history":[{"count":2,"href":"https:\/\/www.todoeldia.com\/index.php\/wp-json\/wp\/v2\/posts\/72477\/revisions"}],"predecessor-version":[{"id":72492,"href":"https:\/\/www.todoeldia.com\/index.php\/wp-json\/wp\/v2\/posts\/72477\/revisions\/72492"}],"wp:featuredmedia":[{"embeddable":true,"href":"https:\/\/www.todoeldia.com\/index.php\/wp-json\/wp\/v2\/media\/72491"}],"wp:attachment":[{"href":"https:\/\/www.todoeldia.com\/index.php\/wp-json\/wp\/v2\/media?parent=72477"}],"wp:term":[{"taxonomy":"category","embeddable":true,"href":"https:\/\/www.todoeldia.com\/index.php\/wp-json\/wp\/v2\/categories?post=72477"},{"taxonomy":"post_tag","embeddable":true,"href":"https:\/\/www.todoeldia.com\/index.php\/wp-json\/wp\/v2\/tags?post=72477"}],"curies":[{"name":"wp","href":"https:\/\/api.w.org\/{rel}","templated":true}]}}