{"id":72502,"date":"2024-02-04T16:23:58","date_gmt":"2024-02-04T19:23:58","guid":{"rendered":"https:\/\/www.todoeldia.com\/?p=72502"},"modified":"2024-02-04T16:23:58","modified_gmt":"2024-02-04T19:23:58","slug":"frigerio-denuncio-la-desaparicion-de-80-autos-oficiales-tienen-pocos-dias-para-entregarlos","status":"publish","type":"post","link":"https:\/\/www.todoeldia.com\/index.php\/2024\/02\/04\/frigerio-denuncio-la-desaparicion-de-80-autos-oficiales-tienen-pocos-dias-para-entregarlos\/","title":{"rendered":"Frigerio denunci\u00f3 la desaparici\u00f3n de 80 autos oficiales: \u201cTienen pocos d\u00edas para entregarlos\u201d"},"content":{"rendered":"\n<p>La justicia ser\u00e1 el pr\u00f3ximo camino que tomar\u00e1 el gobernador ante aquellas personas que no se responsabilicen y entreguen el veh\u00edculo que tienen en su poder.<\/p>\n\n\n\n<p>Este jueves el gobernador de Entre R\u00edos, Rogelio Frigerio, denunci\u00f3 que est\u00e1 \u201cbuscando\u201d unos 80 veh\u00edculos oficiales de la provincia que est\u00e1n desaparecidos desde el 10 de diciembre, y asegur\u00f3 que si no aparece tomar\u00e1 cartas en el asunto a nivel legal contra aquellos \u201cfuncionarios que se los llevaron\u201d.<\/p>\n\n\n\n<p>\u201cTienen pocos d\u00edas para entregarlos antes de que sean denunciados en la Justicia\u201d, apunt\u00f3 el gobernador luego de entregar a la Polic\u00eda provincial 50 de unos 160 veh\u00edculos oficiales que pertenec\u00edan al Poder Ejecutivo, pero que ante la \u201ccantidad que excede ampliamente las necesidades\u201d ser\u00e1n dados a las fuerzas de seguridad y a municipios y juntas comunales.<\/p>\n\n\n\n<p>La medida qued\u00f3 plasmada en un decreto publicado el 5 de enero pasado, firmado por \u00e9l y todos sus ministros, en el cual se otorgaban \u201ccinco d\u00edas\u201d a cada funcionario provincial para que entregue el veh\u00edculo que \u201cno sea indispensable\u201d para el organismo, dejando fuera de este pedido a la Polic\u00eda, el Servicio Penitenciario, sistema de salud, patronato de liberados, ni\u00f1ez, entre otros.<\/p>\n","protected":false},"excerpt":{"rendered":"<p>La justicia ser\u00e1 el pr\u00f3ximo camino que tomar\u00e1 el gobernador ante aquellas personas que no se responsabilicen y entreguen el veh\u00edculo que tienen en su poder. Este jueves el gobernador de Entre R\u00edos, Rogelio Frigerio, denunci\u00f3 que est\u00e1 \u201cbuscando\u201d unos 80 veh\u00edculos oficiales de la provincia que est\u00e1n desaparecidos desde el 10 de diciembre, y [&hellip;]<\/p>\n","protected":false},"author":2,"featured_media":72503,"comment_status":"open","ping_status":"open","sticky":false,"template":"","format":"standard","meta":{"tdm_status":"","tdm_grid_status":"","_joinchat":[],"footnotes":""},"categories":[59],"tags":[],"class_list":{"0":"post-72502","1":"post","2":"type-post","3":"status-publish","4":"format-standard","5":"has-post-thumbnail","7":"category-politica"},"amp_enabled":true,"_links":{"self":[{"href":"https:\/\/www.todoeldia.com\/index.php\/wp-json\/wp\/v2\/posts\/72502","targetHints":{"allow":["GET"]}}],"collection":[{"href":"https:\/\/www.todoeldia.com\/index.php\/wp-json\/wp\/v2\/posts"}],"about":[{"href":"https:\/\/www.todoeldia.com\/index.php\/wp-json\/wp\/v2\/types\/post"}],"author":[{"embeddable":true,"href":"https:\/\/www.todoeldia.com\/index.php\/wp-json\/wp\/v2\/users\/2"}],"replies":[{"embeddable":true,"href":"https:\/\/www.todoeldia.com\/index.php\/wp-json\/wp\/v2\/comments?post=72502"}],"version-history":[{"count":1,"href":"https:\/\/www.todoeldia.com\/index.php\/wp-json\/wp\/v2\/posts\/72502\/revisions"}],"predecessor-version":[{"id":72504,"href":"https:\/\/www.todoeldia.com\/index.php\/wp-json\/wp\/v2\/posts\/72502\/revisions\/72504"}],"wp:featuredmedia":[{"embeddable":true,"href":"https:\/\/www.todoeldia.com\/index.php\/wp-json\/wp\/v2\/media\/72503"}],"wp:attachment":[{"href":"https:\/\/www.todoeldia.com\/index.php\/wp-json\/wp\/v2\/media?parent=72502"}],"wp:term":[{"taxonomy":"category","embeddable":true,"href":"https:\/\/www.todoeldia.com\/index.php\/wp-json\/wp\/v2\/categories?post=72502"},{"taxonomy":"post_tag","embeddable":true,"href":"https:\/\/www.todoeldia.com\/index.php\/wp-json\/wp\/v2\/tags?post=72502"}],"curies":[{"name":"wp","href":"https:\/\/api.w.org\/{rel}","templated":true}]}}